{"id":232,"date":"2024-11-29T16:52:43","date_gmt":"2024-11-29T15:52:43","guid":{"rendered":"https:\/\/blog.planyjobs.fr\/?p=232"},"modified":"2025-06-04T10:07:48","modified_gmt":"2025-06-04T08:07:48","slug":"pourquoi-jeunes-se-reconvertissent-evenementiel","status":"publish","type":"post","link":"https:\/\/www.plany.jobs\/blog\/pourquoi-jeunes-se-reconvertissent-evenementiel\/","title":{"rendered":"Pourquoi de plus en plus de jeunes se reconvertissent dans l&rsquo;\u00e9v\u00e9nementiel ?"},"content":{"rendered":"\n<p>Dans un monde professionnel en constante \u00e9volution, de nombreux jeunes repensent leur trajectoire de carri\u00e8re. L&rsquo;\u00e9v\u00e9nementiel, <strong>un secteur dynamique et en plein essor<\/strong>, attire de plus en plus de talents en qu\u00eate de renouveau. Pourquoi cette tendance ? Quels sont les attraits sp\u00e9cifiques de ce domaine ? Voici un d\u00e9cryptage des raisons qui poussent les jeunes \u00e0 choisir cette reconversion\u2026<\/p>\n\n\n\n<h2 class=\"wp-block-heading\">L&rsquo;\u00e9v\u00e9nementiel, un secteur vibrant et stimulant<\/h2>\n\n\n\n<p>L&rsquo;\u00e9v\u00e9nementiel se distingue par <strong>son dynamisme et sa diversit\u00e9<\/strong>. <a href=\"https:\/\/www.plany.jobs\/secteurs-activite\/animation-commerciale\/animateur-commercial\" target=\"_blank\" rel=\"noreferrer noopener\">Les m\u00e9tiers qui composent ce secteur<\/a> vont de l&rsquo;organisation de mariages aux festivals culturels, en passant par les s\u00e9minaires d&rsquo;entreprise. Pour les jeunes en qu\u00eate de <strong>vari\u00e9t\u00e9 et de cr\u00e9ativit\u00e9<\/strong>, <strong>l&rsquo;\u00e9v\u00e9nementiel offre une palette d&rsquo;opportunit\u00e9s stimulantes<\/strong>.<\/p>\n\n\n\n<p>Ce domaine attire \u00e9galement par son caract\u00e8re concret : voir un projet se mat\u00e9rialiser, rassembler des personnes, et cr\u00e9er des exp\u00e9riences m\u00e9morables apporte un sentiment d&rsquo;accomplissement imm\u00e9diat. En cela, <strong>l&rsquo;\u00e9v\u00e9nementiel r\u00e9pond au besoin des jeunes g\u00e9n\u00e9rations de donner du sens \u00e0 leur travail<\/strong>, tout en restant actif et en contact avec autrui.<\/p>\n\n\n\n<h2 class=\"wp-block-heading\">Une flexibilit\u00e9 adapt\u00e9e aux aspirations modernes<\/h2>\n\n\n\n<p>Les emplois traditionnels avec des horaires fixes et des r\u00f4les strictement d\u00e9finis perdent de leur attrait face \u00e0 la qu\u00eate de <strong>flexibilit\u00e9<\/strong> et d&rsquo;<strong>autonomie<\/strong>. L&rsquo;\u00e9v\u00e9nementiel, avec ses projets ponctuels et ses missions vari\u00e9es, <strong>permet de conjuguer emploi et vie personnelle de mani\u00e8re plus fluide<\/strong>. Cela s\u00e9duit particuli\u00e8rement les jeunes qui cherchent \u00e0 \u00e9viter la routine et \u00e0 embrasser une vie professionnelle plus align\u00e9e sur leurs valeurs.<\/p>\n\n\n\n<h2 class=\"wp-block-heading\">Des perspectives de carri\u00e8re accessibles<\/h2>\n\n\n\n<p>L&rsquo;entr\u00e9e dans le secteur de l&rsquo;\u00e9v\u00e9nementiel ne n\u00e9cessite pas toujours de longues \u00e9tudes ou des qualifications pointues. Les comp\u00e9tences cl\u00e9s, telles que la gestion de projet, l&rsquo;organisation ou la communication, peuvent \u00eatre acquises gr\u00e2ce \u00e0 des formations courtes ou des exp\u00e9riences personnelles. Cette <strong>accessibilit\u00e9<\/strong> rend le domaine attractif pour des jeunes en reconversion, qui peuvent rapidement se former et d\u00e9marrer une nouvelle carri\u00e8re.<\/p>\n\n\n\n<p>De plus, <strong>le secteur valorise souvent l&rsquo;exp\u00e9rience et la motivation<\/strong>. Un portfolio de projets bien men\u00e9s ou des recommandations solides peuvent suffire \u00e0 ouvrir des portes, offrant ainsi un champ des possibles \u00e9largi \u00e0 ceux qui osent se lancer.<\/p>\n\n\n\n<h2 class=\"wp-block-heading\">Une r\u00e9ponse \u00e0 la qu\u00eate de sens<\/h2>\n\n\n\n<p>La jeune g\u00e9n\u00e9ration est <strong>fortement anim\u00e9e par la recherche de valeurs dans leur m\u00e9tier<\/strong>. Dans l&rsquo;\u00e9v\u00e9nementiel, il est possible de travailler pour des causes qui leur tiennent \u00e0 c\u0153ur, telles que l&rsquo;organisation d&rsquo;\u00e9v\u00e9nements solidaires, \u00e9cologiques ou culturels. Ce domaine permet de cr\u00e9er des projets en phase avec leurs convictions, tout en ayant un impact positif sur les autres.<\/p>\n\n\n\n<h2 class=\"wp-block-heading\">La mont\u00e9e en puissance des soft skills<\/h2>\n\n\n\n<p>Les <strong>comp\u00e9tences relationnelles<\/strong>, comme l&#8217;empathie, l&rsquo;\u00e9coute, ou la gestion du stress, sont de plus en plus valoris\u00e9es dans l&rsquo;\u00e9v\u00e9nementiel. Pour les jeunes issus d&rsquo;autres secteurs, cela offre une opportunit\u00e9 de mettre \u00e0 profit leurs soft skills tout en d\u00e9veloppant des comp\u00e9tences techniques sp\u00e9cifiques \u00e0 l&rsquo;\u00e9v\u00e9nementiel. Ces qualit\u00e9s humaines, souvent sous-estim\u00e9es dans d&rsquo;autres professions, trouvent ici un terrain d&rsquo;expression id\u00e9al.<\/p>\n\n\n\n<h2 class=\"wp-block-heading\">Des opportunit\u00e9s renforc\u00e9es par les nouveaux formats<\/h2>\n\n\n\n<p>Avec l&rsquo;\u00e9mergence des \u00e9v\u00e9nements hybrides et digitaux, le secteur de l&rsquo;\u00e9v\u00e9nementiel se transforme. <strong>Les jeunes, souvent \u00e0 l&rsquo;aise avec les outils num\u00e9riques, y voient une chance de se d\u00e9marquer<\/strong>. Qu&rsquo;il s&rsquo;agisse de cr\u00e9er des exp\u00e9riences immersives en r\u00e9alit\u00e9 virtuelle ou de g\u00e9rer des plateformes interactives pour des \u00e9v\u00e9nements en ligne, les possibilit\u00e9s sont vastes et <strong>innovantes<\/strong>.<\/p>\n\n\n\n<p>Cette \u00e9volution technologique offre \u00e9galement une diversit\u00e9 de formats et d&rsquo;outils, ce qui enrichit encore davantage les perspectives de carri\u00e8re pour les jeunes souhaitant entrer dans ce secteur.<\/p>\n\n\n\n<h2 class=\"wp-block-heading\">Un m\u00e9tier r\u00e9silient malgr\u00e9 les crises<\/h2>\n\n\n\n<p>Bien que le secteur ait \u00e9t\u00e9 fortement impact\u00e9 par la pand\u00e9mie, il a su rebondir rapidement gr\u00e2ce \u00e0 son <strong>adaptabilit\u00e9<\/strong>. Ce caract\u00e8re r\u00e9silient inspire confiance aux jeunes qui souhaitent s&rsquo;engager dans un domaine capable de se r\u00e9inventer face aux d\u00e9fis. Aujourd&rsquo;hui, les \u00e9v\u00e9nements reprennent de plus belle, avec une demande croissante pour des exp\u00e9riences uniques et de qualit\u00e9.<\/p>\n\n\n\n<h2 class=\"wp-block-heading\">Comment se lancer dans l&rsquo;\u00e9v\u00e9nementiel ?<\/h2>\n\n\n\n<p>Pour les jeunes tent\u00e9s par une reconversion, plusieurs pistes peuvent \u00eatre explor\u00e9es :<\/p>\n\n\n\n<ul class=\"wp-block-list\">\n<li><strong>Formations professionnelles<\/strong> : de nombreux organismes proposent des cursus courts pour se sp\u00e9cialiser.<\/li>\n\n\n\n<li><strong>Stages et b\u00e9n\u00e9volat<\/strong> : s\u2019impliquer dans des \u00e9v\u00e9nements locaux ou associatifs est une excellente mani\u00e8re d\u2019acqu\u00e9rir de l&rsquo;exp\u00e9rience.<\/li>\n\n\n\n<li><a href=\"https:\/\/www.plany.jobs\/blog\/networking-etudiant-prepare-toi-a-lemploi-de-demain\/\" target=\"_blank\" rel=\"noreferrer noopener\"><strong>R\u00e9seautage<\/strong><\/a> : se connecter avec des professionnels du secteur permet d\u2019identifier des opportunit\u00e9s et de se familiariser avec les r\u00e9alit\u00e9s du m\u00e9tier.<\/li>\n\n\n\n<li><strong>Utilisation de plateformes sp\u00e9cialis\u00e9es<\/strong> : des outils comme <a href=\"https:\/\/app.plany.jobs\/register\" target=\"_blank\" rel=\"noreferrer noopener nofollow\"><strong>Plany.jobs<\/strong><\/a> permettent de trouver facilement des missions courtes, des emplois \u00e9tudiants ou des postes dans l&rsquo;\u00e9v\u00e9nementiel, en connectant les candidats motiv\u00e9s avec les recruteurs du secteur.<\/li>\n<\/ul>\n\n\n\n<p>Enfin, une <strong>bonne organisation<\/strong> et un esprit cr\u00e9atif sont des atouts majeurs pour r\u00e9ussir dans ce domaine. La passion, combin\u00e9e \u00e0 la pers\u00e9v\u00e9rance, reste le moteur principal pour s\u2019\u00e9panouir dans l\u2019\u00e9v\u00e9nementiel.<\/p>\n\n\n\n<p><strong>L&rsquo;engouement des jeunes pour l&rsquo;\u00e9v\u00e9nementiel refl\u00e8te une profonde \u00e9volution des aspirations professionnelles<\/strong> : un d\u00e9sir de <strong>libert\u00e9<\/strong>, de <strong>cr\u00e9ativit\u00e9<\/strong>, et de <strong>sens<\/strong>. Ce secteur, riche en opportunit\u00e9s et en d\u00e9fis, offre une r\u00e9ponse \u00e0 ces attentes tout en permettant de b\u00e2tir une carri\u00e8re \u00e9panouissante. Que ce soit pour redonner du souffle \u00e0 une vie professionnelle ou embrasser un tout nouvel univers, l&rsquo;\u00e9v\u00e9nementiel appara\u00eet comme une reconversion pleine de promesses\u2026<\/p>\n\n\n\n<h2 class=\"wp-block-heading\">Continuez votre lecture et d\u00e9couvrez d\u2019autres articles du blog&nbsp;de Plany.jobs<\/h2>\n\n\n\n<p>Tenez-vous au courant des derni\u00e8res nouvelles sur la recherche d\u2019emploi et restez connect\u00e9 afin de trouver des r\u00e9ponses aux questions que vous pourriez vous poser.<\/p>\n\n\n\n<p><a href=\"https:\/\/www.plany.jobs\/blog\/\" target=\"_blank\" rel=\"noreferrer noopener\">D\u00e9couvrir<\/a><\/p>\n","protected":false},"excerpt":{"rendered":"<p>Dans un monde professionnel en constante \u00e9volution, de nombreux jeunes repensent leur trajectoire de carri\u00e8re. L&rsquo;\u00e9v\u00e9nementiel, un secteur dynamique et en plein essor, attire de plus en plus de talents en qu\u00eate de renouveau. Pourquoi cette tendance ? Quels sont les attraits sp\u00e9cifiques de ce domaine ? Voici un d\u00e9cryptage des raisons qui poussent les [&hellip;]<\/p>\n","protected":false},"author":3,"featured_media":315,"comment_status":"open","ping_status":"open","sticky":false,"template":"","format":"standard","meta":{"inline_featured_image":false,"footnotes":""},"categories":[16,19],"tags":[23],"class_list":["post-232","post","type-post","status-publish","format-standard","has-post-thumbnail","hentry","category-guides","category-all","tag-guides"],"yoast_head":"<!-- This site is optimized with the Yoast SEO plugin v26.6 - https:\/\/yoast.com\/wordpress\/plugins\/seo\/ -->\n<title>Pourquoi de plus en plus de jeunes se reconvertissent dans l&#039;\u00e9v\u00e9nementiel ? - Plany<\/title>\n<meta name=\"description\" content=\"Pourquoi de plus en plus de jeunes se reconvertissent dans l&#039;\u00e9v\u00e9nementiel ? \u2014 un guide complet sign\u00e9 Plany.jobs pour t\u2019\u00e9clairer.\" \/>\n<meta name=\"robots\" content=\"index, follow, max-snippet:-1, max-image-preview:large, max-video-preview:-1\" \/>\n<link rel=\"canonical\" href=\"https:\/\/www.plany.jobs\/blog\/pourquoi-jeunes-se-reconvertissent-evenementiel\/\" \/>\n<meta property=\"og:locale\" content=\"fr_FR\" \/>\n<meta property=\"og:type\" content=\"article\" \/>\n<meta property=\"og:title\" content=\"Pourquoi de plus en plus de jeunes se reconvertissent dans l&#039;\u00e9v\u00e9nementiel ? - Plany\" \/>\n<meta property=\"og:description\" content=\"Pourquoi de plus en plus de jeunes se reconvertissent dans l&#039;\u00e9v\u00e9nementiel ? \u2014 un guide complet sign\u00e9 Plany.jobs pour t\u2019\u00e9clairer.\" \/>\n<meta property=\"og:url\" content=\"https:\/\/www.plany.jobs\/blog\/pourquoi-jeunes-se-reconvertissent-evenementiel\/\" \/>\n<meta property=\"og:site_name\" content=\"Actualit\u00e9s de Plany et du secteur \u00e9v\u00e9nementiel\" \/>\n<meta property=\"article:publisher\" content=\"https:\/\/www.facebook.com\/plany.jobs\" \/>\n<meta property=\"article:published_time\" content=\"2024-11-29T15:52:43+00:00\" \/>\n<meta property=\"article:modified_time\" content=\"2025-06-04T08:07:48+00:00\" \/>\n<meta property=\"og:image\" content=\"https:\/\/www.plany.jobs\/blog\/wp-content\/uploads\/2024\/11\/jeune-employee-evenementiel.jpg\" \/>\n\t<meta property=\"og:image:width\" content=\"1000\" \/>\n\t<meta property=\"og:image:height\" content=\"667\" \/>\n\t<meta property=\"og:image:type\" content=\"image\/jpeg\" \/>\n<meta name=\"author\" content=\"Manon\" \/>\n<meta name=\"twitter:card\" content=\"summary_large_image\" \/>\n<meta name=\"twitter:creator\" content=\"@plany_jobs\" \/>\n<meta name=\"twitter:site\" content=\"@plany_jobs\" \/>\n<meta name=\"twitter:label1\" content=\"\u00c9crit par\" \/>\n\t<meta name=\"twitter:data1\" content=\"Manon\" \/>\n\t<meta name=\"twitter:label2\" content=\"Dur\u00e9e de lecture estim\u00e9e\" \/>\n\t<meta name=\"twitter:data2\" content=\"5 minutes\" \/>\n<script type=\"application\/ld+json\" class=\"yoast-schema-graph\">{\"@context\":\"https:\/\/schema.org\",\"@graph\":[{\"@type\":\"Article\",\"@id\":\"https:\/\/www.plany.jobs\/blog\/pourquoi-jeunes-se-reconvertissent-evenementiel\/#article\",\"isPartOf\":{\"@id\":\"https:\/\/www.plany.jobs\/blog\/pourquoi-jeunes-se-reconvertissent-evenementiel\/\"},\"author\":{\"name\":\"Manon\",\"@id\":\"https:\/\/www.plany.jobs\/blog\/#\/schema\/person\/94cb091d4f8327c4e960ed1a3b90e8ba\"},\"headline\":\"Pourquoi de plus en plus de jeunes se reconvertissent dans l&rsquo;\u00e9v\u00e9nementiel ?\",\"datePublished\":\"2024-11-29T15:52:43+00:00\",\"dateModified\":\"2025-06-04T08:07:48+00:00\",\"mainEntityOfPage\":{\"@id\":\"https:\/\/www.plany.jobs\/blog\/pourquoi-jeunes-se-reconvertissent-evenementiel\/\"},\"wordCount\":1036,\"commentCount\":0,\"publisher\":{\"@id\":\"https:\/\/www.plany.jobs\/blog\/#organization\"},\"image\":{\"@id\":\"https:\/\/www.plany.jobs\/blog\/pourquoi-jeunes-se-reconvertissent-evenementiel\/#primaryimage\"},\"thumbnailUrl\":\"https:\/\/www.plany.jobs\/blog\/wp-content\/uploads\/2024\/11\/jeune-employee-evenementiel.jpg\",\"keywords\":[\"Guides\"],\"articleSection\":[\"Guides\",\"Tout voir\"],\"inLanguage\":\"fr-FR\"},{\"@type\":\"WebPage\",\"@id\":\"https:\/\/www.plany.jobs\/blog\/pourquoi-jeunes-se-reconvertissent-evenementiel\/\",\"url\":\"https:\/\/www.plany.jobs\/blog\/pourquoi-jeunes-se-reconvertissent-evenementiel\/\",\"name\":\"Pourquoi de plus en plus de jeunes se reconvertissent dans l'\u00e9v\u00e9nementiel ? - Plany\",\"isPartOf\":{\"@id\":\"https:\/\/www.plany.jobs\/blog\/#website\"},\"primaryImageOfPage\":{\"@id\":\"https:\/\/www.plany.jobs\/blog\/pourquoi-jeunes-se-reconvertissent-evenementiel\/#primaryimage\"},\"image\":{\"@id\":\"https:\/\/www.plany.jobs\/blog\/pourquoi-jeunes-se-reconvertissent-evenementiel\/#primaryimage\"},\"thumbnailUrl\":\"https:\/\/www.plany.jobs\/blog\/wp-content\/uploads\/2024\/11\/jeune-employee-evenementiel.jpg\",\"datePublished\":\"2024-11-29T15:52:43+00:00\",\"dateModified\":\"2025-06-04T08:07:48+00:00\",\"description\":\"Pourquoi de plus en plus de jeunes se reconvertissent dans l'\u00e9v\u00e9nementiel ? \u2014 un guide complet sign\u00e9 Plany.jobs pour t\u2019\u00e9clairer.\",\"breadcrumb\":{\"@id\":\"https:\/\/www.plany.jobs\/blog\/pourquoi-jeunes-se-reconvertissent-evenementiel\/#breadcrumb\"},\"inLanguage\":\"fr-FR\",\"potentialAction\":[{\"@type\":\"ReadAction\",\"target\":[\"https:\/\/www.plany.jobs\/blog\/pourquoi-jeunes-se-reconvertissent-evenementiel\/\"]}]},{\"@type\":\"ImageObject\",\"inLanguage\":\"fr-FR\",\"@id\":\"https:\/\/www.plany.jobs\/blog\/pourquoi-jeunes-se-reconvertissent-evenementiel\/#primaryimage\",\"url\":\"https:\/\/www.plany.jobs\/blog\/wp-content\/uploads\/2024\/11\/jeune-employee-evenementiel.jpg\",\"contentUrl\":\"https:\/\/www.plany.jobs\/blog\/wp-content\/uploads\/2024\/11\/jeune-employee-evenementiel.jpg\",\"width\":1000,\"height\":667,\"caption\":\"Une jeune employ\u00e9e travaillant dans l'\u00e9v\u00e9nementiel\"},{\"@type\":\"BreadcrumbList\",\"@id\":\"https:\/\/www.plany.jobs\/blog\/pourquoi-jeunes-se-reconvertissent-evenementiel\/#breadcrumb\",\"itemListElement\":[{\"@type\":\"ListItem\",\"position\":1,\"name\":\"Accueil\",\"item\":\"https:\/\/www.plany.jobs\/blog\/\"},{\"@type\":\"ListItem\",\"position\":2,\"name\":\"Pourquoi de plus en plus de jeunes se reconvertissent dans l&rsquo;\u00e9v\u00e9nementiel ?\"}]},{\"@type\":\"WebSite\",\"@id\":\"https:\/\/www.plany.jobs\/blog\/#website\",\"url\":\"https:\/\/www.plany.jobs\/blog\/\",\"name\":\"Actualit\u00e9s de Plany et du secteur \u00e9v\u00e9nementiel\",\"description\":\"\",\"publisher\":{\"@id\":\"https:\/\/www.plany.jobs\/blog\/#organization\"},\"potentialAction\":[{\"@type\":\"SearchAction\",\"target\":{\"@type\":\"EntryPoint\",\"urlTemplate\":\"https:\/\/www.plany.jobs\/blog\/?s={search_term_string}\"},\"query-input\":{\"@type\":\"PropertyValueSpecification\",\"valueRequired\":true,\"valueName\":\"search_term_string\"}}],\"inLanguage\":\"fr-FR\"},{\"@type\":\"Organization\",\"@id\":\"https:\/\/www.plany.jobs\/blog\/#organization\",\"name\":\"Plany\",\"url\":\"https:\/\/www.plany.jobs\/blog\/\",\"logo\":{\"@type\":\"ImageObject\",\"inLanguage\":\"fr-FR\",\"@id\":\"https:\/\/www.plany.jobs\/blog\/#\/schema\/logo\/image\/\",\"url\":\"https:\/\/www.plany.jobs\/blog\/wp-content\/uploads\/2025\/01\/logo.svg\",\"contentUrl\":\"https:\/\/www.plany.jobs\/blog\/wp-content\/uploads\/2025\/01\/logo.svg\",\"width\":191,\"height\":61,\"caption\":\"Plany\"},\"image\":{\"@id\":\"https:\/\/www.plany.jobs\/blog\/#\/schema\/logo\/image\/\"},\"sameAs\":[\"https:\/\/www.facebook.com\/plany.jobs\",\"https:\/\/x.com\/plany_jobs\",\"https:\/\/www.instagram.com\/plany.jobs\",\"https:\/\/www.tiktok.com\/@plany.jobs\",\"https:\/\/www.linkedin.com\/company\/plany-logiciel-agences-d-htesses\"]},{\"@type\":\"Person\",\"@id\":\"https:\/\/www.plany.jobs\/blog\/#\/schema\/person\/94cb091d4f8327c4e960ed1a3b90e8ba\",\"name\":\"Manon\",\"description\":\"Avec Plany.jobs choisis o\u00f9 et quand travailler, sur des emplois courts ou flexibles. Cr\u00e9er un compte\",\"sameAs\":[\"https:\/\/www.plany.jobs\"]}]}<\/script>\n<!-- \/ Yoast SEO plugin. -->","yoast_head_json":{"title":"Pourquoi de plus en plus de jeunes se reconvertissent dans l'\u00e9v\u00e9nementiel ? - Plany","description":"Pourquoi de plus en plus de jeunes se reconvertissent dans l'\u00e9v\u00e9nementiel ? \u2014 un guide complet sign\u00e9 Plany.jobs pour t\u2019\u00e9clairer.","robots":{"index":"index","follow":"follow","max-snippet":"max-snippet:-1","max-image-preview":"max-image-preview:large","max-video-preview":"max-video-preview:-1"},"canonical":"https:\/\/www.plany.jobs\/blog\/pourquoi-jeunes-se-reconvertissent-evenementiel\/","og_locale":"fr_FR","og_type":"article","og_title":"Pourquoi de plus en plus de jeunes se reconvertissent dans l'\u00e9v\u00e9nementiel ? - Plany","og_description":"Pourquoi de plus en plus de jeunes se reconvertissent dans l'\u00e9v\u00e9nementiel ? \u2014 un guide complet sign\u00e9 Plany.jobs pour t\u2019\u00e9clairer.","og_url":"https:\/\/www.plany.jobs\/blog\/pourquoi-jeunes-se-reconvertissent-evenementiel\/","og_site_name":"Actualit\u00e9s de Plany et du secteur \u00e9v\u00e9nementiel","article_publisher":"https:\/\/www.facebook.com\/plany.jobs","article_published_time":"2024-11-29T15:52:43+00:00","article_modified_time":"2025-06-04T08:07:48+00:00","og_image":[{"width":1000,"height":667,"url":"https:\/\/www.plany.jobs\/blog\/wp-content\/uploads\/2024\/11\/jeune-employee-evenementiel.jpg","type":"image\/jpeg"}],"author":"Manon","twitter_card":"summary_large_image","twitter_creator":"@plany_jobs","twitter_site":"@plany_jobs","twitter_misc":{"\u00c9crit par":"Manon","Dur\u00e9e de lecture estim\u00e9e":"5 minutes"},"schema":{"@context":"https:\/\/schema.org","@graph":[{"@type":"Article","@id":"https:\/\/www.plany.jobs\/blog\/pourquoi-jeunes-se-reconvertissent-evenementiel\/#article","isPartOf":{"@id":"https:\/\/www.plany.jobs\/blog\/pourquoi-jeunes-se-reconvertissent-evenementiel\/"},"author":{"name":"Manon","@id":"https:\/\/www.plany.jobs\/blog\/#\/schema\/person\/94cb091d4f8327c4e960ed1a3b90e8ba"},"headline":"Pourquoi de plus en plus de jeunes se reconvertissent dans l&rsquo;\u00e9v\u00e9nementiel ?","datePublished":"2024-11-29T15:52:43+00:00","dateModified":"2025-06-04T08:07:48+00:00","mainEntityOfPage":{"@id":"https:\/\/www.plany.jobs\/blog\/pourquoi-jeunes-se-reconvertissent-evenementiel\/"},"wordCount":1036,"commentCount":0,"publisher":{"@id":"https:\/\/www.plany.jobs\/blog\/#organization"},"image":{"@id":"https:\/\/www.plany.jobs\/blog\/pourquoi-jeunes-se-reconvertissent-evenementiel\/#primaryimage"},"thumbnailUrl":"https:\/\/www.plany.jobs\/blog\/wp-content\/uploads\/2024\/11\/jeune-employee-evenementiel.jpg","keywords":["Guides"],"articleSection":["Guides","Tout voir"],"inLanguage":"fr-FR"},{"@type":"WebPage","@id":"https:\/\/www.plany.jobs\/blog\/pourquoi-jeunes-se-reconvertissent-evenementiel\/","url":"https:\/\/www.plany.jobs\/blog\/pourquoi-jeunes-se-reconvertissent-evenementiel\/","name":"Pourquoi de plus en plus de jeunes se reconvertissent dans l'\u00e9v\u00e9nementiel ? - Plany","isPartOf":{"@id":"https:\/\/www.plany.jobs\/blog\/#website"},"primaryImageOfPage":{"@id":"https:\/\/www.plany.jobs\/blog\/pourquoi-jeunes-se-reconvertissent-evenementiel\/#primaryimage"},"image":{"@id":"https:\/\/www.plany.jobs\/blog\/pourquoi-jeunes-se-reconvertissent-evenementiel\/#primaryimage"},"thumbnailUrl":"https:\/\/www.plany.jobs\/blog\/wp-content\/uploads\/2024\/11\/jeune-employee-evenementiel.jpg","datePublished":"2024-11-29T15:52:43+00:00","dateModified":"2025-06-04T08:07:48+00:00","description":"Pourquoi de plus en plus de jeunes se reconvertissent dans l'\u00e9v\u00e9nementiel ? \u2014 un guide complet sign\u00e9 Plany.jobs pour t\u2019\u00e9clairer.","breadcrumb":{"@id":"https:\/\/www.plany.jobs\/blog\/pourquoi-jeunes-se-reconvertissent-evenementiel\/#breadcrumb"},"inLanguage":"fr-FR","potentialAction":[{"@type":"ReadAction","target":["https:\/\/www.plany.jobs\/blog\/pourquoi-jeunes-se-reconvertissent-evenementiel\/"]}]},{"@type":"ImageObject","inLanguage":"fr-FR","@id":"https:\/\/www.plany.jobs\/blog\/pourquoi-jeunes-se-reconvertissent-evenementiel\/#primaryimage","url":"https:\/\/www.plany.jobs\/blog\/wp-content\/uploads\/2024\/11\/jeune-employee-evenementiel.jpg","contentUrl":"https:\/\/www.plany.jobs\/blog\/wp-content\/uploads\/2024\/11\/jeune-employee-evenementiel.jpg","width":1000,"height":667,"caption":"Une jeune employ\u00e9e travaillant dans l'\u00e9v\u00e9nementiel"},{"@type":"BreadcrumbList","@id":"https:\/\/www.plany.jobs\/blog\/pourquoi-jeunes-se-reconvertissent-evenementiel\/#breadcrumb","itemListElement":[{"@type":"ListItem","position":1,"name":"Accueil","item":"https:\/\/www.plany.jobs\/blog\/"},{"@type":"ListItem","position":2,"name":"Pourquoi de plus en plus de jeunes se reconvertissent dans l&rsquo;\u00e9v\u00e9nementiel ?"}]},{"@type":"WebSite","@id":"https:\/\/www.plany.jobs\/blog\/#website","url":"https:\/\/www.plany.jobs\/blog\/","name":"Actualit\u00e9s de Plany et du secteur \u00e9v\u00e9nementiel","description":"","publisher":{"@id":"https:\/\/www.plany.jobs\/blog\/#organization"},"potentialAction":[{"@type":"SearchAction","target":{"@type":"EntryPoint","urlTemplate":"https:\/\/www.plany.jobs\/blog\/?s={search_term_string}"},"query-input":{"@type":"PropertyValueSpecification","valueRequired":true,"valueName":"search_term_string"}}],"inLanguage":"fr-FR"},{"@type":"Organization","@id":"https:\/\/www.plany.jobs\/blog\/#organization","name":"Plany","url":"https:\/\/www.plany.jobs\/blog\/","logo":{"@type":"ImageObject","inLanguage":"fr-FR","@id":"https:\/\/www.plany.jobs\/blog\/#\/schema\/logo\/image\/","url":"https:\/\/www.plany.jobs\/blog\/wp-content\/uploads\/2025\/01\/logo.svg","contentUrl":"https:\/\/www.plany.jobs\/blog\/wp-content\/uploads\/2025\/01\/logo.svg","width":191,"height":61,"caption":"Plany"},"image":{"@id":"https:\/\/www.plany.jobs\/blog\/#\/schema\/logo\/image\/"},"sameAs":["https:\/\/www.facebook.com\/plany.jobs","https:\/\/x.com\/plany_jobs","https:\/\/www.instagram.com\/plany.jobs","https:\/\/www.tiktok.com\/@plany.jobs","https:\/\/www.linkedin.com\/company\/plany-logiciel-agences-d-htesses"]},{"@type":"Person","@id":"https:\/\/www.plany.jobs\/blog\/#\/schema\/person\/94cb091d4f8327c4e960ed1a3b90e8ba","name":"Manon","description":"Avec Plany.jobs choisis o\u00f9 et quand travailler, sur des emplois courts ou flexibles. Cr\u00e9er un compte","sameAs":["https:\/\/www.plany.jobs"]}]}},"_links":{"self":[{"href":"https:\/\/www.plany.jobs\/blog\/wp-json\/wp\/v2\/posts\/232","targetHints":{"allow":["GET"]}}],"collection":[{"href":"https:\/\/www.plany.jobs\/blog\/wp-json\/wp\/v2\/posts"}],"about":[{"href":"https:\/\/www.plany.jobs\/blog\/wp-json\/wp\/v2\/types\/post"}],"author":[{"embeddable":true,"href":"https:\/\/www.plany.jobs\/blog\/wp-json\/wp\/v2\/users\/3"}],"replies":[{"embeddable":true,"href":"https:\/\/www.plany.jobs\/blog\/wp-json\/wp\/v2\/comments?post=232"}],"version-history":[{"count":5,"href":"https:\/\/www.plany.jobs\/blog\/wp-json\/wp\/v2\/posts\/232\/revisions"}],"predecessor-version":[{"id":2217,"href":"https:\/\/www.plany.jobs\/blog\/wp-json\/wp\/v2\/posts\/232\/revisions\/2217"}],"wp:featuredmedia":[{"embeddable":true,"href":"https:\/\/www.plany.jobs\/blog\/wp-json\/wp\/v2\/media\/315"}],"wp:attachment":[{"href":"https:\/\/www.plany.jobs\/blog\/wp-json\/wp\/v2\/media?parent=232"}],"wp:term":[{"taxonomy":"category","embeddable":true,"href":"https:\/\/www.plany.jobs\/blog\/wp-json\/wp\/v2\/categories?post=232"},{"taxonomy":"post_tag","embeddable":true,"href":"https:\/\/www.plany.jobs\/blog\/wp-json\/wp\/v2\/tags?post=232"}],"curies":[{"name":"wp","href":"https:\/\/api.w.org\/{rel}","templated":true}]}}