{"id":234,"date":"2024-11-22T16:53:12","date_gmt":"2024-11-22T15:53:12","guid":{"rendered":"https:\/\/blog.planyjobs.fr\/?p=234"},"modified":"2025-06-04T09:59:48","modified_gmt":"2025-06-04T07:59:48","slug":"top-metiers-evenementiel-vacances","status":"publish","type":"post","link":"https:\/\/www.plany.jobs\/blog\/top-metiers-evenementiel-vacances\/","title":{"rendered":"Quels sont les m\u00e9tiers de l&rsquo;\u00e9v\u00e9nementiel les plus demand\u00e9s pendant les p\u00e9riodes de vacances ?"},"content":{"rendered":"\n<p><strong>L\u2019univers de l\u2019\u00e9v\u00e9nementiel<\/strong> regorge d\u2019opportunit\u00e9s, particuli\u00e8rement en p\u00e9riode de vacances o\u00f9 les festivals, mariages, concerts et autres rassemblements battent leur plein. Mais quels sont ces m\u00e9tiers qui recrutent davantage lorsque le soleil brille ou que les f\u00eates de fin d&rsquo;ann\u00e9e approchent ? D\u00e9couvrez les professions les plus sollicit\u00e9es et les raisons de leur popularit\u00e9.<\/p>\n\n\n\n<h2 class=\"wp-block-heading\">Pourquoi les vacances boostent-elles le secteur de l&rsquo;\u00e9v\u00e9nementiel ?<\/h2>\n\n\n\n<p>Les p\u00e9riodes de vacances, qu\u2019il s\u2019agisse des vacances d\u2019\u00e9t\u00e9 ou de celles d\u2019hiver, sont synonymes <strong>d\u2019une augmentation des \u00e9v\u00e9nements festifs et culturels<\/strong>. Les festivals de musique, les salons professionnels, les mariages estivaux ou encore les march\u00e9s de No\u00ebl attirent des foules. Cette affluence n\u00e9cessite une organisation sans faille et, surtout, des \u00e9quipes comp\u00e9tentes pour assurer le bon d\u00e9roulement de ces \u00e9v\u00e9nements.<\/p>\n\n\n\n<p>Avec <strong>une demande accrue pour des prestations temporaires<\/strong>, le secteur offre de nombreuses opportunit\u00e9s \u00e0 ceux qui recherchent un emploi saisonnier. Les \u00e9tudiants, les freelances et les passionn\u00e9s de l\u2019organisation y trouvent souvent une chance d\u2019\u00e9largir leurs comp\u00e9tences et de gagner un revenu compl\u00e9mentaire.<\/p>\n\n\n\n<h2 class=\"wp-block-heading\">Quels sont les m\u00e9tiers les plus recherch\u00e9s ?<\/h2>\n\n\n\n<p>Les m\u00e9tiers de l\u2019\u00e9v\u00e9nementiel sont diversifi\u00e9s. Voici ceux qui se distinguent pendant les p\u00e9riodes de vacances :<\/p>\n\n\n\n<h3 class=\"wp-block-heading\">Les h\u00f4tes et h\u00f4tesses d&rsquo;accueil et animateurs commerciaux<\/h3>\n\n\n\n<p><a target=\"_blank\" rel=\"noreferrer noopener\" href=\"https:\/\/www.plany.jobs\/secteurs-activite\/accueil-entreprise\/hotesse-en-entreprise\"><strong>Les h\u00f4tes et h\u00f4tesses d\u2019accueil<\/strong><\/a> ainsi que <a target=\"_blank\" rel=\"noreferrer noopener\" href=\"https:\/\/www.plany.jobs\/secteurs-activite\/animation-commerciale\/animateur-commercial\"><strong>les animateurs commerciaux<\/strong><\/a> sont en premi\u00e8re ligne pour repr\u00e9senter un \u00e9v\u00e9nement. Ils s\u2019occupent de l\u2019accueil des participants, de l\u2019enregistrement, et parfois de la distribution de mat\u00e9riel. Leur r\u00f4le est crucial dans des \u00e9v\u00e9nements tels que les salons, conf\u00e9rences ou festivals, o\u00f9 une bonne premi\u00e8re impression est essentielle.<\/p>\n\n\n\n<h3 class=\"wp-block-heading\">Les techniciens du son et de la lumi\u00e8re<\/h3>\n\n\n\n<p>Lors des concerts, spectacles ou soir\u00e9es, <strong>les<\/strong> <strong>techniciens du son et de la lumi\u00e8re<\/strong> assurent la qualit\u00e9 des prestations artistiques. Leur expertise garantit une ambiance optimale, que ce soit pour un spectacle grandiose ou une c\u00e9r\u00e9monie plus intime.<\/p>\n\n\n\n<p><strong>Les r\u00e9gisseurs<\/strong><br><br><a target=\"_blank\" rel=\"noreferrer noopener\" href=\"https:\/\/www.plany.jobs\/secteurs-activite\/evenementiel\/regisseur\"><strong>Le r\u00e9gisseur<\/strong><\/a> est un chef d\u2019orchestre dans l\u2019ombre, veillant \u00e0 la coordination des aspects techniques, logistiques et humains d\u2019un \u00e9v\u00e9nement. Que ce soit pour un concert, un festival ou une conf\u00e9rence, son r\u00f4le est de s\u2019assurer que tout fonctionne comme pr\u00e9vu, en supervisant les \u00e9quipes techniques, en g\u00e9rant les impr\u00e9vus et en respectant les plannings.<\/p>\n\n\n\n<h3 class=\"wp-block-heading\">Les serveurs et barmans<\/h3>\n\n\n\n<p>Les \u00e9v\u00e9nements tels que les mariages ou les r\u00e9ceptions n\u00e9cessitent <a target=\"_blank\" rel=\"noreferrer noopener\" href=\"https:\/\/www.plany.jobs\/secteurs-activite\/restauration-et-traiteur\/serveur\"><strong>des serveurs et des barmans<\/strong><\/a> capables de r\u00e9pondre rapidement aux attentes des convives. Ces professionnels de la restauration sont particuli\u00e8rement recherch\u00e9s lors des f\u00eates de fin d\u2019ann\u00e9e ou des grands rassemblements estivaux.<\/p>\n\n\n\n<h3 class=\"wp-block-heading\">Les organisateurs d\u2019\u00e9v\u00e9nements<\/h3>\n\n\n\n<p><strong>Les organisateurs d\u2019\u00e9v\u00e9nements<\/strong>, qu\u2019ils soient ind\u00e9pendants ou employ\u00e9s par des agences sp\u00e9cialis\u00e9es, jouent un r\u00f4le cl\u00e9. Ils coordonnent tous les aspects logistiques : r\u00e9servation des lieux, n\u00e9gociation avec les prestataires, gestion des \u00e9quipes, etc. Leur polyvalence et leur sens de l\u2019organisation sont particuli\u00e8rement appr\u00e9ci\u00e9s lors des mariages ou des f\u00eates priv\u00e9es.<\/p>\n\n\n\n<h3 class=\"wp-block-heading\">Les artistes<\/h3>\n\n\n\n<p>Qu\u2019il s\u2019agisse d\u2019un <strong>DJ<\/strong>, d\u2019un groupe de musique ou d\u2019un com\u00e9dien, <strong>les artistes sont au c\u0153ur des animations<\/strong>. Ils apportent une touche unique aux \u00e9v\u00e9nements, qu\u2019il s\u2019agisse de festivals, de f\u00eates de village ou de soir\u00e9es priv\u00e9es.<\/p>\n\n\n\n<h3 class=\"wp-block-heading\">Les agents de s\u00e9curit\u00e9<\/h3>\n\n\n\n<p>Avec les grandes foules viennent les pr\u00e9occupations de s\u00e9curit\u00e9. <strong>Les agents de s\u00e9curit\u00e9 <\/strong>sont charg\u00e9s d\u2019assurer la protection des participants et le respect des normes de s\u00e9curit\u00e9. Ce r\u00f4le est particuli\u00e8rement crucial dans les concerts, festivals ou foires commerciales.<\/p>\n\n\n\n<h3 class=\"wp-block-heading\">Les monteurs et logisticiens<\/h3>\n\n\n\n<p>Le montage des sc\u00e8nes, des stands ou des d\u00e9cors est souvent confi\u00e9 \u00e0 <strong>des monteurs et logisticiens<\/strong>. Ils travaillent en coulisses pour que tout soit pr\u00eat \u00e0 temps et dans les meilleures conditions.<\/p>\n\n\n\n<h2 class=\"wp-block-heading\">Quels sont les avantages \u00e0 travailler dans l\u2019\u00e9v\u00e9nementiel pendant les vacances&nbsp;?<\/h2>\n\n\n\n<p>Travailler dans l\u2019\u00e9v\u00e9nementiel en p\u00e9riode de vacances offre des avantages multiples :<\/p>\n\n\n\n<ul class=\"wp-block-list\">\n<li><strong>Flexibilit\u00e9<\/strong> : Les contrats sont souvent de courte dur\u00e9e, id\u00e9aux pour ceux qui cherchent des opportunit\u00e9s temporaires.<\/li>\n\n\n\n<li><strong>Ambiance dynamique<\/strong> : L\u2019\u00e9v\u00e9nementiel est un secteur anim\u00e9 o\u00f9 l\u2019ennui n\u2019a pas sa place.<\/li>\n\n\n\n<li><strong>Acquisition de comp\u00e9tences<\/strong> : Travailler dans ce domaine permet de d\u00e9velopper des comp\u00e9tences vari\u00e9es telles que la gestion du stress, le travail en \u00e9quipe ou la communication.<\/li>\n\n\n\n<li><strong>Opportunit\u00e9s de r\u00e9seautage<\/strong> : En c\u00f4toyant divers professionnels et participants, vous \u00e9largissez votre r\u00e9seau.<\/li>\n<\/ul>\n\n\n\n<h2 class=\"wp-block-heading\">Comment acc\u00e9der \u00e0 ces m\u00e9tiers ?<\/h2>\n\n\n\n<p>Pour d\u00e9crocher un emploi dans l\u2019\u00e9v\u00e9nementiel, plusieurs approches sont possibles. Les sites sp\u00e9cialis\u00e9s dans l\u2019emploi saisonnier, comme <a target=\"_blank\" rel=\"noreferrer noopener nofollow\" href=\"https:\/\/app.plany.jobs\/register\"><strong>Plany.jobs<\/strong><\/a>, permettent de trouver rapidement des offres adapt\u00e9es \u00e0 vos comp\u00e9tences. Il est \u00e9galement conseill\u00e9 de se former pour les m\u00e9tiers techniques, par exemple en suivant des cours en sonorisation ou en gestion d\u2019\u00e9v\u00e9nements. Enfin, un bon relationnel et une attitude proactive peuvent ouvrir bien des portes.<\/p>\n\n\n\n<p>Les m\u00e9tiers de l\u2019\u00e9v\u00e9nementiel, <strong>particuli\u00e8rement pris\u00e9s pendant les vacances<\/strong>, sont vari\u00e9s et dynamiques. Que vous soyez \u00e9tudiant \u00e0 la recherche d\u2019un job d\u2019\u00e9t\u00e9 ou professionnel souhaitant diversifier vos activit\u00e9s, ce secteur offre de nombreuses opportunit\u00e9s. N\u2019h\u00e9sitez pas \u00e0 explorer les plateformes d\u00e9di\u00e9es et \u00e0 vous former pour vous d\u00e9marquer dans cet univers passionnant et exigeant.<\/p>\n\n\n\n<h2 class=\"wp-block-heading\">Continuez votre lecture et d\u00e9couvrez d\u2019autres articles du blog&nbsp;de Plany.jobs<\/h2>\n\n\n\n<p>Tenez-vous au courant des derni\u00e8res nouvelles sur la recherche d\u2019emploi et restez connect\u00e9 afin de trouver des r\u00e9ponses aux questions que vous pourriez vous poser.<\/p>\n\n\n\n<p><a href=\"https:\/\/www.plany.jobs\/blog\/\" target=\"_blank\" rel=\"noreferrer noopener\">D\u00e9couvrir<\/a><\/p>\n","protected":false},"excerpt":{"rendered":"<p>L\u2019univers de l\u2019\u00e9v\u00e9nementiel regorge d\u2019opportunit\u00e9s, particuli\u00e8rement en p\u00e9riode de vacances o\u00f9 les festivals, mariages, concerts et autres rassemblements battent leur plein. Mais quels sont ces m\u00e9tiers qui recrutent davantage lorsque le soleil brille ou que les f\u00eates de fin d&rsquo;ann\u00e9e approchent ? D\u00e9couvrez les professions les plus sollicit\u00e9es et les raisons de leur popularit\u00e9. Pourquoi [&hellip;]<\/p>\n","protected":false},"author":3,"featured_media":316,"comment_status":"open","ping_status":"open","sticky":false,"template":"","format":"standard","meta":{"inline_featured_image":false,"footnotes":""},"categories":[16,19],"tags":[23],"class_list":["post-234","post","type-post","status-publish","format-standard","has-post-thumbnail","hentry","category-guides","category-all","tag-guides"],"yoast_head":"<!-- This site is optimized with the Yoast SEO plugin v26.6 - https:\/\/yoast.com\/wordpress\/plugins\/seo\/ -->\n<title>Quels sont les m\u00e9tiers de l&#039;\u00e9v\u00e9nementiel les plus demand\u00e9s pendant les p\u00e9riodes de vacances ? - Plany<\/title>\n<meta name=\"description\" content=\"Quels sont les m\u00e9tiers de l&#039;\u00e9v\u00e9nementiel les plus demand\u00e9s pendant les p\u00e9riodes de vacances ? \u2014 un guide complet sign\u00e9 Plany.jobs pour t\u2019\u00e9clairer.\" \/>\n<meta name=\"robots\" content=\"index, follow, max-snippet:-1, max-image-preview:large, max-video-preview:-1\" \/>\n<link rel=\"canonical\" href=\"https:\/\/www.plany.jobs\/blog\/top-metiers-evenementiel-vacances\/\" \/>\n<meta property=\"og:locale\" content=\"fr_FR\" \/>\n<meta property=\"og:type\" content=\"article\" \/>\n<meta property=\"og:title\" content=\"Quels sont les m\u00e9tiers de l&#039;\u00e9v\u00e9nementiel les plus demand\u00e9s pendant les p\u00e9riodes de vacances ? - Plany\" \/>\n<meta property=\"og:description\" content=\"Quels sont les m\u00e9tiers de l&#039;\u00e9v\u00e9nementiel les plus demand\u00e9s pendant les p\u00e9riodes de vacances ? \u2014 un guide complet sign\u00e9 Plany.jobs pour t\u2019\u00e9clairer.\" \/>\n<meta property=\"og:url\" content=\"https:\/\/www.plany.jobs\/blog\/top-metiers-evenementiel-vacances\/\" \/>\n<meta property=\"og:site_name\" content=\"Actualit\u00e9s de Plany et du secteur \u00e9v\u00e9nementiel\" \/>\n<meta property=\"article:publisher\" content=\"https:\/\/www.facebook.com\/plany.jobs\" \/>\n<meta property=\"article:published_time\" content=\"2024-11-22T15:53:12+00:00\" \/>\n<meta property=\"article:modified_time\" content=\"2025-06-04T07:59:48+00:00\" \/>\n<meta property=\"og:image\" content=\"https:\/\/www.plany.jobs\/blog\/wp-content\/uploads\/2024\/11\/barman.jpg\" \/>\n\t<meta property=\"og:image:width\" content=\"1000\" \/>\n\t<meta property=\"og:image:height\" content=\"668\" \/>\n\t<meta property=\"og:image:type\" content=\"image\/jpeg\" \/>\n<meta name=\"author\" content=\"Manon\" \/>\n<meta name=\"twitter:card\" content=\"summary_large_image\" \/>\n<meta name=\"twitter:creator\" content=\"@plany_jobs\" \/>\n<meta name=\"twitter:site\" content=\"@plany_jobs\" \/>\n<meta name=\"twitter:label1\" content=\"\u00c9crit par\" \/>\n\t<meta name=\"twitter:data1\" content=\"Manon\" \/>\n\t<meta name=\"twitter:label2\" content=\"Dur\u00e9e de lecture estim\u00e9e\" \/>\n\t<meta name=\"twitter:data2\" content=\"5 minutes\" \/>\n<script type=\"application\/ld+json\" class=\"yoast-schema-graph\">{\"@context\":\"https:\/\/schema.org\",\"@graph\":[{\"@type\":\"Article\",\"@id\":\"https:\/\/www.plany.jobs\/blog\/top-metiers-evenementiel-vacances\/#article\",\"isPartOf\":{\"@id\":\"https:\/\/www.plany.jobs\/blog\/top-metiers-evenementiel-vacances\/\"},\"author\":{\"name\":\"Manon\",\"@id\":\"https:\/\/www.plany.jobs\/blog\/#\/schema\/person\/94cb091d4f8327c4e960ed1a3b90e8ba\"},\"headline\":\"Quels sont les m\u00e9tiers de l&rsquo;\u00e9v\u00e9nementiel les plus demand\u00e9s pendant les p\u00e9riodes de vacances ?\",\"datePublished\":\"2024-11-22T15:53:12+00:00\",\"dateModified\":\"2025-06-04T07:59:48+00:00\",\"mainEntityOfPage\":{\"@id\":\"https:\/\/www.plany.jobs\/blog\/top-metiers-evenementiel-vacances\/\"},\"wordCount\":1017,\"commentCount\":0,\"publisher\":{\"@id\":\"https:\/\/www.plany.jobs\/blog\/#organization\"},\"image\":{\"@id\":\"https:\/\/www.plany.jobs\/blog\/top-metiers-evenementiel-vacances\/#primaryimage\"},\"thumbnailUrl\":\"https:\/\/www.plany.jobs\/blog\/wp-content\/uploads\/2024\/11\/barman.jpg\",\"keywords\":[\"Guides\"],\"articleSection\":[\"Guides\",\"Tout voir\"],\"inLanguage\":\"fr-FR\"},{\"@type\":\"WebPage\",\"@id\":\"https:\/\/www.plany.jobs\/blog\/top-metiers-evenementiel-vacances\/\",\"url\":\"https:\/\/www.plany.jobs\/blog\/top-metiers-evenementiel-vacances\/\",\"name\":\"Quels sont les m\u00e9tiers de l'\u00e9v\u00e9nementiel les plus demand\u00e9s pendant les p\u00e9riodes de vacances ? - Plany\",\"isPartOf\":{\"@id\":\"https:\/\/www.plany.jobs\/blog\/#website\"},\"primaryImageOfPage\":{\"@id\":\"https:\/\/www.plany.jobs\/blog\/top-metiers-evenementiel-vacances\/#primaryimage\"},\"image\":{\"@id\":\"https:\/\/www.plany.jobs\/blog\/top-metiers-evenementiel-vacances\/#primaryimage\"},\"thumbnailUrl\":\"https:\/\/www.plany.jobs\/blog\/wp-content\/uploads\/2024\/11\/barman.jpg\",\"datePublished\":\"2024-11-22T15:53:12+00:00\",\"dateModified\":\"2025-06-04T07:59:48+00:00\",\"description\":\"Quels sont les m\u00e9tiers de l'\u00e9v\u00e9nementiel les plus demand\u00e9s pendant les p\u00e9riodes de vacances ? \u2014 un guide complet sign\u00e9 Plany.jobs pour t\u2019\u00e9clairer.\",\"breadcrumb\":{\"@id\":\"https:\/\/www.plany.jobs\/blog\/top-metiers-evenementiel-vacances\/#breadcrumb\"},\"inLanguage\":\"fr-FR\",\"potentialAction\":[{\"@type\":\"ReadAction\",\"target\":[\"https:\/\/www.plany.jobs\/blog\/top-metiers-evenementiel-vacances\/\"]}]},{\"@type\":\"ImageObject\",\"inLanguage\":\"fr-FR\",\"@id\":\"https:\/\/www.plany.jobs\/blog\/top-metiers-evenementiel-vacances\/#primaryimage\",\"url\":\"https:\/\/www.plany.jobs\/blog\/wp-content\/uploads\/2024\/11\/barman.jpg\",\"contentUrl\":\"https:\/\/www.plany.jobs\/blog\/wp-content\/uploads\/2024\/11\/barman.jpg\",\"width\":1000,\"height\":668,\"caption\":\"barman\"},{\"@type\":\"BreadcrumbList\",\"@id\":\"https:\/\/www.plany.jobs\/blog\/top-metiers-evenementiel-vacances\/#breadcrumb\",\"itemListElement\":[{\"@type\":\"ListItem\",\"position\":1,\"name\":\"Accueil\",\"item\":\"https:\/\/www.plany.jobs\/blog\/\"},{\"@type\":\"ListItem\",\"position\":2,\"name\":\"Quels sont les m\u00e9tiers de l&rsquo;\u00e9v\u00e9nementiel les plus demand\u00e9s pendant les p\u00e9riodes de vacances ?\"}]},{\"@type\":\"WebSite\",\"@id\":\"https:\/\/www.plany.jobs\/blog\/#website\",\"url\":\"https:\/\/www.plany.jobs\/blog\/\",\"name\":\"Actualit\u00e9s de Plany et du secteur \u00e9v\u00e9nementiel\",\"description\":\"\",\"publisher\":{\"@id\":\"https:\/\/www.plany.jobs\/blog\/#organization\"},\"potentialAction\":[{\"@type\":\"SearchAction\",\"target\":{\"@type\":\"EntryPoint\",\"urlTemplate\":\"https:\/\/www.plany.jobs\/blog\/?s={search_term_string}\"},\"query-input\":{\"@type\":\"PropertyValueSpecification\",\"valueRequired\":true,\"valueName\":\"search_term_string\"}}],\"inLanguage\":\"fr-FR\"},{\"@type\":\"Organization\",\"@id\":\"https:\/\/www.plany.jobs\/blog\/#organization\",\"name\":\"Plany\",\"url\":\"https:\/\/www.plany.jobs\/blog\/\",\"logo\":{\"@type\":\"ImageObject\",\"inLanguage\":\"fr-FR\",\"@id\":\"https:\/\/www.plany.jobs\/blog\/#\/schema\/logo\/image\/\",\"url\":\"https:\/\/www.plany.jobs\/blog\/wp-content\/uploads\/2025\/01\/logo.svg\",\"contentUrl\":\"https:\/\/www.plany.jobs\/blog\/wp-content\/uploads\/2025\/01\/logo.svg\",\"width\":191,\"height\":61,\"caption\":\"Plany\"},\"image\":{\"@id\":\"https:\/\/www.plany.jobs\/blog\/#\/schema\/logo\/image\/\"},\"sameAs\":[\"https:\/\/www.facebook.com\/plany.jobs\",\"https:\/\/x.com\/plany_jobs\",\"https:\/\/www.instagram.com\/plany.jobs\",\"https:\/\/www.tiktok.com\/@plany.jobs\",\"https:\/\/www.linkedin.com\/company\/plany-logiciel-agences-d-htesses\"]},{\"@type\":\"Person\",\"@id\":\"https:\/\/www.plany.jobs\/blog\/#\/schema\/person\/94cb091d4f8327c4e960ed1a3b90e8ba\",\"name\":\"Manon\",\"description\":\"Avec Plany.jobs choisis o\u00f9 et quand travailler, sur des emplois courts ou flexibles. Cr\u00e9er un compte\",\"sameAs\":[\"https:\/\/www.plany.jobs\"]}]}<\/script>\n<!-- \/ Yoast SEO plugin. -->","yoast_head_json":{"title":"Quels sont les m\u00e9tiers de l'\u00e9v\u00e9nementiel les plus demand\u00e9s pendant les p\u00e9riodes de vacances ? - Plany","description":"Quels sont les m\u00e9tiers de l'\u00e9v\u00e9nementiel les plus demand\u00e9s pendant les p\u00e9riodes de vacances ? \u2014 un guide complet sign\u00e9 Plany.jobs pour t\u2019\u00e9clairer.","robots":{"index":"index","follow":"follow","max-snippet":"max-snippet:-1","max-image-preview":"max-image-preview:large","max-video-preview":"max-video-preview:-1"},"canonical":"https:\/\/www.plany.jobs\/blog\/top-metiers-evenementiel-vacances\/","og_locale":"fr_FR","og_type":"article","og_title":"Quels sont les m\u00e9tiers de l'\u00e9v\u00e9nementiel les plus demand\u00e9s pendant les p\u00e9riodes de vacances ? - Plany","og_description":"Quels sont les m\u00e9tiers de l'\u00e9v\u00e9nementiel les plus demand\u00e9s pendant les p\u00e9riodes de vacances ? \u2014 un guide complet sign\u00e9 Plany.jobs pour t\u2019\u00e9clairer.","og_url":"https:\/\/www.plany.jobs\/blog\/top-metiers-evenementiel-vacances\/","og_site_name":"Actualit\u00e9s de Plany et du secteur \u00e9v\u00e9nementiel","article_publisher":"https:\/\/www.facebook.com\/plany.jobs","article_published_time":"2024-11-22T15:53:12+00:00","article_modified_time":"2025-06-04T07:59:48+00:00","og_image":[{"width":1000,"height":668,"url":"https:\/\/www.plany.jobs\/blog\/wp-content\/uploads\/2024\/11\/barman.jpg","type":"image\/jpeg"}],"author":"Manon","twitter_card":"summary_large_image","twitter_creator":"@plany_jobs","twitter_site":"@plany_jobs","twitter_misc":{"\u00c9crit par":"Manon","Dur\u00e9e de lecture estim\u00e9e":"5 minutes"},"schema":{"@context":"https:\/\/schema.org","@graph":[{"@type":"Article","@id":"https:\/\/www.plany.jobs\/blog\/top-metiers-evenementiel-vacances\/#article","isPartOf":{"@id":"https:\/\/www.plany.jobs\/blog\/top-metiers-evenementiel-vacances\/"},"author":{"name":"Manon","@id":"https:\/\/www.plany.jobs\/blog\/#\/schema\/person\/94cb091d4f8327c4e960ed1a3b90e8ba"},"headline":"Quels sont les m\u00e9tiers de l&rsquo;\u00e9v\u00e9nementiel les plus demand\u00e9s pendant les p\u00e9riodes de vacances ?","datePublished":"2024-11-22T15:53:12+00:00","dateModified":"2025-06-04T07:59:48+00:00","mainEntityOfPage":{"@id":"https:\/\/www.plany.jobs\/blog\/top-metiers-evenementiel-vacances\/"},"wordCount":1017,"commentCount":0,"publisher":{"@id":"https:\/\/www.plany.jobs\/blog\/#organization"},"image":{"@id":"https:\/\/www.plany.jobs\/blog\/top-metiers-evenementiel-vacances\/#primaryimage"},"thumbnailUrl":"https:\/\/www.plany.jobs\/blog\/wp-content\/uploads\/2024\/11\/barman.jpg","keywords":["Guides"],"articleSection":["Guides","Tout voir"],"inLanguage":"fr-FR"},{"@type":"WebPage","@id":"https:\/\/www.plany.jobs\/blog\/top-metiers-evenementiel-vacances\/","url":"https:\/\/www.plany.jobs\/blog\/top-metiers-evenementiel-vacances\/","name":"Quels sont les m\u00e9tiers de l'\u00e9v\u00e9nementiel les plus demand\u00e9s pendant les p\u00e9riodes de vacances ? - Plany","isPartOf":{"@id":"https:\/\/www.plany.jobs\/blog\/#website"},"primaryImageOfPage":{"@id":"https:\/\/www.plany.jobs\/blog\/top-metiers-evenementiel-vacances\/#primaryimage"},"image":{"@id":"https:\/\/www.plany.jobs\/blog\/top-metiers-evenementiel-vacances\/#primaryimage"},"thumbnailUrl":"https:\/\/www.plany.jobs\/blog\/wp-content\/uploads\/2024\/11\/barman.jpg","datePublished":"2024-11-22T15:53:12+00:00","dateModified":"2025-06-04T07:59:48+00:00","description":"Quels sont les m\u00e9tiers de l'\u00e9v\u00e9nementiel les plus demand\u00e9s pendant les p\u00e9riodes de vacances ? \u2014 un guide complet sign\u00e9 Plany.jobs pour t\u2019\u00e9clairer.","breadcrumb":{"@id":"https:\/\/www.plany.jobs\/blog\/top-metiers-evenementiel-vacances\/#breadcrumb"},"inLanguage":"fr-FR","potentialAction":[{"@type":"ReadAction","target":["https:\/\/www.plany.jobs\/blog\/top-metiers-evenementiel-vacances\/"]}]},{"@type":"ImageObject","inLanguage":"fr-FR","@id":"https:\/\/www.plany.jobs\/blog\/top-metiers-evenementiel-vacances\/#primaryimage","url":"https:\/\/www.plany.jobs\/blog\/wp-content\/uploads\/2024\/11\/barman.jpg","contentUrl":"https:\/\/www.plany.jobs\/blog\/wp-content\/uploads\/2024\/11\/barman.jpg","width":1000,"height":668,"caption":"barman"},{"@type":"BreadcrumbList","@id":"https:\/\/www.plany.jobs\/blog\/top-metiers-evenementiel-vacances\/#breadcrumb","itemListElement":[{"@type":"ListItem","position":1,"name":"Accueil","item":"https:\/\/www.plany.jobs\/blog\/"},{"@type":"ListItem","position":2,"name":"Quels sont les m\u00e9tiers de l&rsquo;\u00e9v\u00e9nementiel les plus demand\u00e9s pendant les p\u00e9riodes de vacances ?"}]},{"@type":"WebSite","@id":"https:\/\/www.plany.jobs\/blog\/#website","url":"https:\/\/www.plany.jobs\/blog\/","name":"Actualit\u00e9s de Plany et du secteur \u00e9v\u00e9nementiel","description":"","publisher":{"@id":"https:\/\/www.plany.jobs\/blog\/#organization"},"potentialAction":[{"@type":"SearchAction","target":{"@type":"EntryPoint","urlTemplate":"https:\/\/www.plany.jobs\/blog\/?s={search_term_string}"},"query-input":{"@type":"PropertyValueSpecification","valueRequired":true,"valueName":"search_term_string"}}],"inLanguage":"fr-FR"},{"@type":"Organization","@id":"https:\/\/www.plany.jobs\/blog\/#organization","name":"Plany","url":"https:\/\/www.plany.jobs\/blog\/","logo":{"@type":"ImageObject","inLanguage":"fr-FR","@id":"https:\/\/www.plany.jobs\/blog\/#\/schema\/logo\/image\/","url":"https:\/\/www.plany.jobs\/blog\/wp-content\/uploads\/2025\/01\/logo.svg","contentUrl":"https:\/\/www.plany.jobs\/blog\/wp-content\/uploads\/2025\/01\/logo.svg","width":191,"height":61,"caption":"Plany"},"image":{"@id":"https:\/\/www.plany.jobs\/blog\/#\/schema\/logo\/image\/"},"sameAs":["https:\/\/www.facebook.com\/plany.jobs","https:\/\/x.com\/plany_jobs","https:\/\/www.instagram.com\/plany.jobs","https:\/\/www.tiktok.com\/@plany.jobs","https:\/\/www.linkedin.com\/company\/plany-logiciel-agences-d-htesses"]},{"@type":"Person","@id":"https:\/\/www.plany.jobs\/blog\/#\/schema\/person\/94cb091d4f8327c4e960ed1a3b90e8ba","name":"Manon","description":"Avec Plany.jobs choisis o\u00f9 et quand travailler, sur des emplois courts ou flexibles. Cr\u00e9er un compte","sameAs":["https:\/\/www.plany.jobs"]}]}},"_links":{"self":[{"href":"https:\/\/www.plany.jobs\/blog\/wp-json\/wp\/v2\/posts\/234","targetHints":{"allow":["GET"]}}],"collection":[{"href":"https:\/\/www.plany.jobs\/blog\/wp-json\/wp\/v2\/posts"}],"about":[{"href":"https:\/\/www.plany.jobs\/blog\/wp-json\/wp\/v2\/types\/post"}],"author":[{"embeddable":true,"href":"https:\/\/www.plany.jobs\/blog\/wp-json\/wp\/v2\/users\/3"}],"replies":[{"embeddable":true,"href":"https:\/\/www.plany.jobs\/blog\/wp-json\/wp\/v2\/comments?post=234"}],"version-history":[{"count":4,"href":"https:\/\/www.plany.jobs\/blog\/wp-json\/wp\/v2\/posts\/234\/revisions"}],"predecessor-version":[{"id":2207,"href":"https:\/\/www.plany.jobs\/blog\/wp-json\/wp\/v2\/posts\/234\/revisions\/2207"}],"wp:featuredmedia":[{"embeddable":true,"href":"https:\/\/www.plany.jobs\/blog\/wp-json\/wp\/v2\/media\/316"}],"wp:attachment":[{"href":"https:\/\/www.plany.jobs\/blog\/wp-json\/wp\/v2\/media?parent=234"}],"wp:term":[{"taxonomy":"category","embeddable":true,"href":"https:\/\/www.plany.jobs\/blog\/wp-json\/wp\/v2\/categories?post=234"},{"taxonomy":"post_tag","embeddable":true,"href":"https:\/\/www.plany.jobs\/blog\/wp-json\/wp\/v2\/tags?post=234"}],"curies":[{"name":"wp","href":"https:\/\/api.w.org\/{rel}","templated":true}]}}