{"id":244,"date":"2024-08-12T16:58:31","date_gmt":"2024-08-12T14:58:31","guid":{"rendered":"https:\/\/blog.planyjobs.fr\/?p=244"},"modified":"2025-06-04T10:06:52","modified_gmt":"2025-06-04T08:06:52","slug":"a-propos-de-plany","status":"publish","type":"post","link":"https:\/\/www.plany.jobs\/blog\/a-propos-de-plany\/","title":{"rendered":"\u00c0 propos de Plany"},"content":{"rendered":"\n<p><strong>Un peu d\u2019histoire<\/strong><\/p>\n\n\n\n<p>Le logiciel Plany est avant tout le r\u00e9sultat de la collaboration \u00e9troite entre les cofondateurs John-Henry et Julien qui se sont rencontr\u00e9s sur les bancs de l\u2019IUT d&rsquo;Annecy.<\/p>\n\n\n\n<p>En 2012, dans le cadre d\u2019un projet personnel, Julien est amen\u00e9 \u00e0 d\u00e9velopper un logiciel \u00e0 la demande d\u2019une agence d\u2019h\u00f4te(sse)s bas\u00e9e en Suisse&nbsp;; son but est de lui faire gagner en temps et en organisation dans la gestion de ses activit\u00e9s d\u2019h\u00f4tessariat.<\/p>\n\n\n\n<p>Julien d\u00e9cide alors de continuer \u00e0 faire vivre ce projet et se consacre \u00e0 100% \u00e0 son d\u00e9veloppement. John-Henry le rejoint pour l\u2019accompagner sur la partie commerciale et administrative. De l\u00e0 nait le logiciel Plany, v\u00e9ritable outil professionnel de gestion cr\u00e9\u00e9 sp\u00e9cialement pour les agences d\u2019h\u00f4te(sse)s, en collaboration \u00e9troite avec celles-ci.<\/p>\n\n\n\n<p>Aujourd\u2019hui, Plany, plus qu\u2019un logiciel, est une marque innovatrice et en constante \u00e9volution qui emploie une dizaine de personnes (commerciaux, communication et d\u00e9veloppeurs), dont le si\u00e8ge social est bas\u00e9 \u00e0 Annecy en France.<\/p>\n\n\n\n<p>Plus de 80 agences d\u2019h\u00f4te(sse)s en France et en Europe nous font confiance pour la gestion de leurs activit\u00e9s. En parall\u00e8le, Plany propose une solution intuitive de recrutement \u00e0 destination des agences et entreprises.&nbsp;<\/p>\n\n\n\n<p><strong>Plany est la solution digitale qui regroupe sur une m\u00eame plateforme les profils de candidats \u00e0 la recherche d\u2019un emploi \u00e0 court ou moyen terme (job \u00e9tudiant, CDD, CDI, etc.) et la liste des agences et entreprises partenaires au sein desquelles existent des opportunit\u00e9s d\u2019emploi.<\/strong><\/p>\n\n\n\n<p><strong>Nos deux solutions : une vision<\/strong><\/p>\n\n\n\n<p><strong>Jobboard&nbsp;Plany :&nbsp;<\/strong><\/p>\n\n\n\n<p>Une&nbsp;<a target=\"_blank\" rel=\"noreferrer noopener\" href=\"https:\/\/www.plany.jobs\"><strong>plateforme<\/strong><\/a> d&#8217;emploi \u00e0 court et moyen terme pour les candidats qui veulent travailler o\u00f9 qu&rsquo;ils soient, \u00e0 leur propre rythme. Suivez votre emploi du temps, vos contrats, vos fiches de paie, vos fiches de poste, etc.&nbsp;<\/p>\n\n\n\n<p><strong>Logiciel RH&nbsp;Plany :&nbsp;<\/strong><\/p>\n\n\n\n<p>Une&nbsp;<a target=\"_blank\" rel=\"noreferrer noopener\" href=\"https:\/\/www.plany.jobs\/entreprise\"><strong>solution RH<\/strong><\/a>num\u00e9rique qui aide les agences et entreprises \u00e0 gagner du temps pour leur <strong>recrutement<\/strong> et bien plus qu\u2019avec un simple <strong>logiciel de gestion<\/strong>. Un outil puissant pour le recrutement, le suivi et la planification des ressources humaines pour les emplois \u00e0 court et moyen terme.<\/p>\n\n\n\n<p><strong>Nos missions<\/strong><\/p>\n\n\n\n<p><strong>Pour les candidats&nbsp;:&nbsp;<\/strong><\/p>\n\n\n\n<p>Gagnez une <strong>exp\u00e9rience sur un premier emploi<\/strong> avec Plany, d\u00e9couvrez le fonctionnement du monde professionnel, essayez des m\u00e9tiers, d\u00e9couvrez-y une vocation et pr\u00e9parez-vous \u00e0 vos prochains emplois \u00e0 la fin de vos \u00e9tudes ou avant un emploi fixe.&nbsp;<\/p>\n\n\n\n<p>Plany met en avant des <strong>jobs adapt\u00e9s aux rythmes<\/strong> des candidats pour ne pas devoir opposer travail et \u00e9tudes. Cela permet aux \u00e9tudiants de travailler quand ils le veulent en priorisant le travail ou les \u00e9tudes suivant la p\u00e9riode. Ils peuvent aussi <strong>trouver un emploi o\u00f9 qu\u2019ils se trouvent<\/strong>&nbsp;et travailler dans leur ville d\u2019\u00e9tudes et\/ou dans leur ville de c\u0153ur.<\/p>\n\n\n\n<p>Plany <strong>regroupe tout ce dont vous avez besoin au m\u00eame endroit<\/strong> (offres d\u2019emploi, planning, contrats, bulletins de salaires, demandes de cong\u00e9s et bien plus encore&nbsp;!).&nbsp;<\/p>\n\n\n\n<p><a target=\"_blank\" rel=\"noreferrer noopener\" href=\"https:\/\/www.plany.jobs\/offres-emploi\"><strong><u>Voir les offres d\u2019emploi.<\/u><\/strong><\/a><\/p>\n\n\n\n<p><strong>Pour les agences et entreprises :<\/strong><\/p>\n\n\n\n<p>Plany est la plateforme qui <strong>vous met facilement en relation avec les candidats<\/strong>. Vous pouvez choisir et cat\u00e9goriser les profils (\u00e9tudiants ou autres professionnels).&nbsp;<\/p>\n\n\n\n<p>Avec cette solution digitale de gestion RH et son outil de planification, r\u00e9cup\u00e9rez facilement les informations RH, suivez les candidats et documents administratifs, g\u00e9n\u00e9rez des contrats de travail, exportez facilement la paie de vos candidats.<\/p>\n\n\n\n<p><a target=\"_blank\" rel=\"noreferrer noopener\" href=\"https:\/\/www.plany.jobs\/entreprise\/contact\"><strong><u>Prendre un rendez-vous avec notre \u00e9quipe commerciale<\/u><\/strong><\/a><strong><u>.&nbsp;<\/u><\/strong><\/p>\n\n\n\n<p><strong>Nos valeurs<\/strong><\/p>\n\n\n\n<p><strong>Proximit\u00e9&nbsp;:<\/strong><\/p>\n\n\n\n<p>Chez Plany, nous croyons en la force de la proximit\u00e9. Nous nous engageons \u00e0 cr\u00e9er un lien \u00e9troit entre les recruteurs\/employeurs et les candidats\/\u00e9tudiants, facilitant ainsi les \u00e9changes et la compr\u00e9hension mutuelle. Gr\u00e2ce \u00e0 notre approche personnalis\u00e9e, chaque utilisateur se sent soutenu et valoris\u00e9.<\/p>\n\n\n\n<p><strong>Relation de proximit\u00e9&nbsp;:<\/strong><\/p>\n\n\n\n<p>Chez Plany, nous cultivons une relation de proximit\u00e9 avec nos utilisateurs. Nous nous effor\u00e7ons de cr\u00e9er un environnement convivial et accessible, o\u00f9 chaque recruteur\/employeur et chaque candidat\/\u00e9tudiant se sent compris et accompagn\u00e9. Cette relation de confiance est essentielle pour b\u00e2tir des collaborations durables et fructueuses.<\/p>\n\n\n\n<p><strong>\u00c9coute&nbsp;:<\/strong><\/p>\n\n\n\n<p>Chez Plany, chaque voix compte et chaque feedback est pris en consid\u00e9ration pour am\u00e9liorer notre service. L&rsquo;\u00e9coute active de nos clients est une valeur fondamentale et nous prenons le temps de comprendre les besoins et les aspirations de nos utilisateurs, afin de leur offrir des solutions adapt\u00e9es.<\/p>\n\n\n\n<p><strong>R\u00e9activit\u00e9&nbsp;:<\/strong><\/p>\n\n\n\n<p>Chez Plany, la r\u00e9activit\u00e9 est au c\u0153ur de notre service. Nous nous effor\u00e7ons de r\u00e9pondre rapidement aux besoins de nos utilisateurs, qu&rsquo;il s&rsquo;agisse d&rsquo;une recherche d&#8217;emploi ou de la gestion du personnel. Chaque demande re\u00e7oit une attention imm\u00e9diate, efficace et personnalis\u00e9e.<\/p>\n\n\n\n<p><strong>Notre \u00e9quipe&nbsp;<\/strong><\/p>\n\n\n\n<p>Nous formons une \u00e9quipe soud\u00e9e de professionnels passionn\u00e9s issus de divers horizons et sommes unis par un objectif commun : innover dans la recherche et le recrutement.&nbsp;<\/p>\n\n\n\n<p><strong>Voir d\u2019autres articles de blog&nbsp;<\/strong><\/p>\n\n\n\n<p>Tenez-vous au courant des derni\u00e8res nouvelles sur la recherche d\u2019emploi et restez connect\u00e9 afin de trouver des r\u00e9ponses aux questions que vous pourriez vous poser.<\/p>\n\n\n\n<p><a href=\"https:\/\/www.plany.jobs\/blog\/\" target=\"_blank\" rel=\"noreferrer noopener\"><strong><u>D\u00e9couvrir<\/u><\/strong><\/a><\/p>\n","protected":false},"excerpt":{"rendered":"<p>Un peu d\u2019histoire Le logiciel Plany est avant tout le r\u00e9sultat de la collaboration \u00e9troite entre les cofondateurs John-Henry et Julien qui se sont rencontr\u00e9s sur les bancs de l\u2019IUT d&rsquo;Annecy. En 2012, dans le cadre d\u2019un projet personnel, Julien est amen\u00e9 \u00e0 d\u00e9velopper un logiciel \u00e0 la demande d\u2019une agence d\u2019h\u00f4te(sse)s bas\u00e9e en Suisse&nbsp;; [&hellip;]<\/p>\n","protected":false},"author":3,"featured_media":321,"comment_status":"open","ping_status":"open","sticky":false,"template":"","format":"standard","meta":{"inline_featured_image":false,"footnotes":""},"categories":[12,19],"tags":[24],"class_list":["post-244","post","type-post","status-publish","format-standard","has-post-thumbnail","hentry","category-plany","category-all","tag-plany"],"yoast_head":"<!-- This site is optimized with the Yoast SEO plugin v26.6 - https:\/\/yoast.com\/wordpress\/plugins\/seo\/ -->\n<title>\u00c0 propos de Plany - Plany<\/title>\n<meta name=\"description\" content=\"\u00c0 propos de Plany \u2014 un guide complet sign\u00e9 Plany.jobs pour t\u2019\u00e9clairer.\" \/>\n<meta name=\"robots\" content=\"index, follow, max-snippet:-1, max-image-preview:large, max-video-preview:-1\" \/>\n<link rel=\"canonical\" href=\"https:\/\/www.plany.jobs\/blog\/a-propos-de-plany\/\" \/>\n<meta property=\"og:locale\" content=\"fr_FR\" \/>\n<meta property=\"og:type\" content=\"article\" \/>\n<meta property=\"og:title\" content=\"\u00c0 propos de Plany - Plany\" \/>\n<meta property=\"og:description\" content=\"\u00c0 propos de Plany \u2014 un guide complet sign\u00e9 Plany.jobs pour t\u2019\u00e9clairer.\" \/>\n<meta property=\"og:url\" content=\"https:\/\/www.plany.jobs\/blog\/a-propos-de-plany\/\" \/>\n<meta property=\"og:site_name\" content=\"Actualit\u00e9s de Plany et du secteur \u00e9v\u00e9nementiel\" \/>\n<meta property=\"article:publisher\" content=\"https:\/\/www.facebook.com\/plany.jobs\" \/>\n<meta property=\"article:published_time\" content=\"2024-08-12T14:58:31+00:00\" \/>\n<meta property=\"article:modified_time\" content=\"2025-06-04T08:06:52+00:00\" \/>\n<meta property=\"og:image\" content=\"https:\/\/www.plany.jobs\/blog\/wp-content\/uploads\/2024\/08\/Photo-de-couverture-blog-a-propos-de-Plany.jpeg\" \/>\n\t<meta property=\"og:image:width\" content=\"1280\" \/>\n\t<meta property=\"og:image:height\" content=\"720\" \/>\n\t<meta property=\"og:image:type\" content=\"image\/jpeg\" \/>\n<meta name=\"author\" content=\"Manon\" \/>\n<meta name=\"twitter:card\" content=\"summary_large_image\" \/>\n<meta name=\"twitter:creator\" content=\"@plany_jobs\" \/>\n<meta name=\"twitter:site\" content=\"@plany_jobs\" \/>\n<meta name=\"twitter:label1\" content=\"\u00c9crit par\" \/>\n\t<meta name=\"twitter:data1\" content=\"Manon\" \/>\n\t<meta name=\"twitter:label2\" content=\"Dur\u00e9e de lecture estim\u00e9e\" \/>\n\t<meta name=\"twitter:data2\" content=\"5 minutes\" \/>\n<script type=\"application\/ld+json\" class=\"yoast-schema-graph\">{\"@context\":\"https:\/\/schema.org\",\"@graph\":[{\"@type\":\"Article\",\"@id\":\"https:\/\/www.plany.jobs\/blog\/a-propos-de-plany\/#article\",\"isPartOf\":{\"@id\":\"https:\/\/www.plany.jobs\/blog\/a-propos-de-plany\/\"},\"author\":{\"name\":\"Manon\",\"@id\":\"https:\/\/www.plany.jobs\/blog\/#\/schema\/person\/94cb091d4f8327c4e960ed1a3b90e8ba\"},\"headline\":\"\u00c0 propos de Plany\",\"datePublished\":\"2024-08-12T14:58:31+00:00\",\"dateModified\":\"2025-06-04T08:06:52+00:00\",\"mainEntityOfPage\":{\"@id\":\"https:\/\/www.plany.jobs\/blog\/a-propos-de-plany\/\"},\"wordCount\":884,\"commentCount\":0,\"publisher\":{\"@id\":\"https:\/\/www.plany.jobs\/blog\/#organization\"},\"image\":{\"@id\":\"https:\/\/www.plany.jobs\/blog\/a-propos-de-plany\/#primaryimage\"},\"thumbnailUrl\":\"https:\/\/www.plany.jobs\/blog\/wp-content\/uploads\/2024\/08\/Photo-de-couverture-blog-a-propos-de-Plany.jpeg\",\"keywords\":[\"Plany\"],\"articleSection\":[\"Plany\",\"Tout voir\"],\"inLanguage\":\"fr-FR\"},{\"@type\":\"WebPage\",\"@id\":\"https:\/\/www.plany.jobs\/blog\/a-propos-de-plany\/\",\"url\":\"https:\/\/www.plany.jobs\/blog\/a-propos-de-plany\/\",\"name\":\"\u00c0 propos de Plany - Plany\",\"isPartOf\":{\"@id\":\"https:\/\/www.plany.jobs\/blog\/#website\"},\"primaryImageOfPage\":{\"@id\":\"https:\/\/www.plany.jobs\/blog\/a-propos-de-plany\/#primaryimage\"},\"image\":{\"@id\":\"https:\/\/www.plany.jobs\/blog\/a-propos-de-plany\/#primaryimage\"},\"thumbnailUrl\":\"https:\/\/www.plany.jobs\/blog\/wp-content\/uploads\/2024\/08\/Photo-de-couverture-blog-a-propos-de-Plany.jpeg\",\"datePublished\":\"2024-08-12T14:58:31+00:00\",\"dateModified\":\"2025-06-04T08:06:52+00:00\",\"description\":\"\u00c0 propos de Plany \u2014 un guide complet sign\u00e9 Plany.jobs pour t\u2019\u00e9clairer.\",\"breadcrumb\":{\"@id\":\"https:\/\/www.plany.jobs\/blog\/a-propos-de-plany\/#breadcrumb\"},\"inLanguage\":\"fr-FR\",\"potentialAction\":[{\"@type\":\"ReadAction\",\"target\":[\"https:\/\/www.plany.jobs\/blog\/a-propos-de-plany\/\"]}]},{\"@type\":\"ImageObject\",\"inLanguage\":\"fr-FR\",\"@id\":\"https:\/\/www.plany.jobs\/blog\/a-propos-de-plany\/#primaryimage\",\"url\":\"https:\/\/www.plany.jobs\/blog\/wp-content\/uploads\/2024\/08\/Photo-de-couverture-blog-a-propos-de-Plany.jpeg\",\"contentUrl\":\"https:\/\/www.plany.jobs\/blog\/wp-content\/uploads\/2024\/08\/Photo-de-couverture-blog-a-propos-de-Plany.jpeg\",\"width\":1280,\"height\":720,\"caption\":\"plany-picture\"},{\"@type\":\"BreadcrumbList\",\"@id\":\"https:\/\/www.plany.jobs\/blog\/a-propos-de-plany\/#breadcrumb\",\"itemListElement\":[{\"@type\":\"ListItem\",\"position\":1,\"name\":\"Accueil\",\"item\":\"https:\/\/www.plany.jobs\/blog\/\"},{\"@type\":\"ListItem\",\"position\":2,\"name\":\"\u00c0 propos de Plany\"}]},{\"@type\":\"WebSite\",\"@id\":\"https:\/\/www.plany.jobs\/blog\/#website\",\"url\":\"https:\/\/www.plany.jobs\/blog\/\",\"name\":\"Actualit\u00e9s de Plany et du secteur \u00e9v\u00e9nementiel\",\"description\":\"\",\"publisher\":{\"@id\":\"https:\/\/www.plany.jobs\/blog\/#organization\"},\"potentialAction\":[{\"@type\":\"SearchAction\",\"target\":{\"@type\":\"EntryPoint\",\"urlTemplate\":\"https:\/\/www.plany.jobs\/blog\/?s={search_term_string}\"},\"query-input\":{\"@type\":\"PropertyValueSpecification\",\"valueRequired\":true,\"valueName\":\"search_term_string\"}}],\"inLanguage\":\"fr-FR\"},{\"@type\":\"Organization\",\"@id\":\"https:\/\/www.plany.jobs\/blog\/#organization\",\"name\":\"Plany\",\"url\":\"https:\/\/www.plany.jobs\/blog\/\",\"logo\":{\"@type\":\"ImageObject\",\"inLanguage\":\"fr-FR\",\"@id\":\"https:\/\/www.plany.jobs\/blog\/#\/schema\/logo\/image\/\",\"url\":\"https:\/\/www.plany.jobs\/blog\/wp-content\/uploads\/2025\/01\/logo.svg\",\"contentUrl\":\"https:\/\/www.plany.jobs\/blog\/wp-content\/uploads\/2025\/01\/logo.svg\",\"width\":191,\"height\":61,\"caption\":\"Plany\"},\"image\":{\"@id\":\"https:\/\/www.plany.jobs\/blog\/#\/schema\/logo\/image\/\"},\"sameAs\":[\"https:\/\/www.facebook.com\/plany.jobs\",\"https:\/\/x.com\/plany_jobs\",\"https:\/\/www.instagram.com\/plany.jobs\",\"https:\/\/www.tiktok.com\/@plany.jobs\",\"https:\/\/www.linkedin.com\/company\/plany-logiciel-agences-d-htesses\"]},{\"@type\":\"Person\",\"@id\":\"https:\/\/www.plany.jobs\/blog\/#\/schema\/person\/94cb091d4f8327c4e960ed1a3b90e8ba\",\"name\":\"Manon\",\"description\":\"Avec Plany.jobs choisis o\u00f9 et quand travailler, sur des emplois courts ou flexibles. Cr\u00e9er un compte\",\"sameAs\":[\"https:\/\/www.plany.jobs\"]}]}<\/script>\n<!-- \/ Yoast SEO plugin. -->","yoast_head_json":{"title":"\u00c0 propos de Plany - Plany","description":"\u00c0 propos de Plany \u2014 un guide complet sign\u00e9 Plany.jobs pour t\u2019\u00e9clairer.","robots":{"index":"index","follow":"follow","max-snippet":"max-snippet:-1","max-image-preview":"max-image-preview:large","max-video-preview":"max-video-preview:-1"},"canonical":"https:\/\/www.plany.jobs\/blog\/a-propos-de-plany\/","og_locale":"fr_FR","og_type":"article","og_title":"\u00c0 propos de Plany - Plany","og_description":"\u00c0 propos de Plany \u2014 un guide complet sign\u00e9 Plany.jobs pour t\u2019\u00e9clairer.","og_url":"https:\/\/www.plany.jobs\/blog\/a-propos-de-plany\/","og_site_name":"Actualit\u00e9s de Plany et du secteur \u00e9v\u00e9nementiel","article_publisher":"https:\/\/www.facebook.com\/plany.jobs","article_published_time":"2024-08-12T14:58:31+00:00","article_modified_time":"2025-06-04T08:06:52+00:00","og_image":[{"width":1280,"height":720,"url":"https:\/\/www.plany.jobs\/blog\/wp-content\/uploads\/2024\/08\/Photo-de-couverture-blog-a-propos-de-Plany.jpeg","type":"image\/jpeg"}],"author":"Manon","twitter_card":"summary_large_image","twitter_creator":"@plany_jobs","twitter_site":"@plany_jobs","twitter_misc":{"\u00c9crit par":"Manon","Dur\u00e9e de lecture estim\u00e9e":"5 minutes"},"schema":{"@context":"https:\/\/schema.org","@graph":[{"@type":"Article","@id":"https:\/\/www.plany.jobs\/blog\/a-propos-de-plany\/#article","isPartOf":{"@id":"https:\/\/www.plany.jobs\/blog\/a-propos-de-plany\/"},"author":{"name":"Manon","@id":"https:\/\/www.plany.jobs\/blog\/#\/schema\/person\/94cb091d4f8327c4e960ed1a3b90e8ba"},"headline":"\u00c0 propos de Plany","datePublished":"2024-08-12T14:58:31+00:00","dateModified":"2025-06-04T08:06:52+00:00","mainEntityOfPage":{"@id":"https:\/\/www.plany.jobs\/blog\/a-propos-de-plany\/"},"wordCount":884,"commentCount":0,"publisher":{"@id":"https:\/\/www.plany.jobs\/blog\/#organization"},"image":{"@id":"https:\/\/www.plany.jobs\/blog\/a-propos-de-plany\/#primaryimage"},"thumbnailUrl":"https:\/\/www.plany.jobs\/blog\/wp-content\/uploads\/2024\/08\/Photo-de-couverture-blog-a-propos-de-Plany.jpeg","keywords":["Plany"],"articleSection":["Plany","Tout voir"],"inLanguage":"fr-FR"},{"@type":"WebPage","@id":"https:\/\/www.plany.jobs\/blog\/a-propos-de-plany\/","url":"https:\/\/www.plany.jobs\/blog\/a-propos-de-plany\/","name":"\u00c0 propos de Plany - Plany","isPartOf":{"@id":"https:\/\/www.plany.jobs\/blog\/#website"},"primaryImageOfPage":{"@id":"https:\/\/www.plany.jobs\/blog\/a-propos-de-plany\/#primaryimage"},"image":{"@id":"https:\/\/www.plany.jobs\/blog\/a-propos-de-plany\/#primaryimage"},"thumbnailUrl":"https:\/\/www.plany.jobs\/blog\/wp-content\/uploads\/2024\/08\/Photo-de-couverture-blog-a-propos-de-Plany.jpeg","datePublished":"2024-08-12T14:58:31+00:00","dateModified":"2025-06-04T08:06:52+00:00","description":"\u00c0 propos de Plany \u2014 un guide complet sign\u00e9 Plany.jobs pour t\u2019\u00e9clairer.","breadcrumb":{"@id":"https:\/\/www.plany.jobs\/blog\/a-propos-de-plany\/#breadcrumb"},"inLanguage":"fr-FR","potentialAction":[{"@type":"ReadAction","target":["https:\/\/www.plany.jobs\/blog\/a-propos-de-plany\/"]}]},{"@type":"ImageObject","inLanguage":"fr-FR","@id":"https:\/\/www.plany.jobs\/blog\/a-propos-de-plany\/#primaryimage","url":"https:\/\/www.plany.jobs\/blog\/wp-content\/uploads\/2024\/08\/Photo-de-couverture-blog-a-propos-de-Plany.jpeg","contentUrl":"https:\/\/www.plany.jobs\/blog\/wp-content\/uploads\/2024\/08\/Photo-de-couverture-blog-a-propos-de-Plany.jpeg","width":1280,"height":720,"caption":"plany-picture"},{"@type":"BreadcrumbList","@id":"https:\/\/www.plany.jobs\/blog\/a-propos-de-plany\/#breadcrumb","itemListElement":[{"@type":"ListItem","position":1,"name":"Accueil","item":"https:\/\/www.plany.jobs\/blog\/"},{"@type":"ListItem","position":2,"name":"\u00c0 propos de Plany"}]},{"@type":"WebSite","@id":"https:\/\/www.plany.jobs\/blog\/#website","url":"https:\/\/www.plany.jobs\/blog\/","name":"Actualit\u00e9s de Plany et du secteur \u00e9v\u00e9nementiel","description":"","publisher":{"@id":"https:\/\/www.plany.jobs\/blog\/#organization"},"potentialAction":[{"@type":"SearchAction","target":{"@type":"EntryPoint","urlTemplate":"https:\/\/www.plany.jobs\/blog\/?s={search_term_string}"},"query-input":{"@type":"PropertyValueSpecification","valueRequired":true,"valueName":"search_term_string"}}],"inLanguage":"fr-FR"},{"@type":"Organization","@id":"https:\/\/www.plany.jobs\/blog\/#organization","name":"Plany","url":"https:\/\/www.plany.jobs\/blog\/","logo":{"@type":"ImageObject","inLanguage":"fr-FR","@id":"https:\/\/www.plany.jobs\/blog\/#\/schema\/logo\/image\/","url":"https:\/\/www.plany.jobs\/blog\/wp-content\/uploads\/2025\/01\/logo.svg","contentUrl":"https:\/\/www.plany.jobs\/blog\/wp-content\/uploads\/2025\/01\/logo.svg","width":191,"height":61,"caption":"Plany"},"image":{"@id":"https:\/\/www.plany.jobs\/blog\/#\/schema\/logo\/image\/"},"sameAs":["https:\/\/www.facebook.com\/plany.jobs","https:\/\/x.com\/plany_jobs","https:\/\/www.instagram.com\/plany.jobs","https:\/\/www.tiktok.com\/@plany.jobs","https:\/\/www.linkedin.com\/company\/plany-logiciel-agences-d-htesses"]},{"@type":"Person","@id":"https:\/\/www.plany.jobs\/blog\/#\/schema\/person\/94cb091d4f8327c4e960ed1a3b90e8ba","name":"Manon","description":"Avec Plany.jobs choisis o\u00f9 et quand travailler, sur des emplois courts ou flexibles. Cr\u00e9er un compte","sameAs":["https:\/\/www.plany.jobs"]}]}},"_links":{"self":[{"href":"https:\/\/www.plany.jobs\/blog\/wp-json\/wp\/v2\/posts\/244","targetHints":{"allow":["GET"]}}],"collection":[{"href":"https:\/\/www.plany.jobs\/blog\/wp-json\/wp\/v2\/posts"}],"about":[{"href":"https:\/\/www.plany.jobs\/blog\/wp-json\/wp\/v2\/types\/post"}],"author":[{"embeddable":true,"href":"https:\/\/www.plany.jobs\/blog\/wp-json\/wp\/v2\/users\/3"}],"replies":[{"embeddable":true,"href":"https:\/\/www.plany.jobs\/blog\/wp-json\/wp\/v2\/comments?post=244"}],"version-history":[{"count":4,"href":"https:\/\/www.plany.jobs\/blog\/wp-json\/wp\/v2\/posts\/244\/revisions"}],"predecessor-version":[{"id":2215,"href":"https:\/\/www.plany.jobs\/blog\/wp-json\/wp\/v2\/posts\/244\/revisions\/2215"}],"wp:featuredmedia":[{"embeddable":true,"href":"https:\/\/www.plany.jobs\/blog\/wp-json\/wp\/v2\/media\/321"}],"wp:attachment":[{"href":"https:\/\/www.plany.jobs\/blog\/wp-json\/wp\/v2\/media?parent=244"}],"wp:term":[{"taxonomy":"category","embeddable":true,"href":"https:\/\/www.plany.jobs\/blog\/wp-json\/wp\/v2\/categories?post=244"},{"taxonomy":"post_tag","embeddable":true,"href":"https:\/\/www.plany.jobs\/blog\/wp-json\/wp\/v2\/tags?post=244"}],"curies":[{"name":"wp","href":"https:\/\/api.w.org\/{rel}","templated":true}]}}