{"id":277,"date":"2024-01-17T09:36:45","date_gmt":"2024-01-17T08:36:45","guid":{"rendered":"https:\/\/blog.planyjobs.fr\/?p=277"},"modified":"2025-06-04T10:14:46","modified_gmt":"2025-06-04T08:14:46","slug":"conseils-photo","status":"publish","type":"post","link":"https:\/\/www.plany.jobs\/blog\/conseils-photo\/","title":{"rendered":"Nos conseils pour des photos de qualit\u00e9"},"content":{"rendered":"\n<p>Poursuivons notre s\u00e9rie d\u2019articles vous apportant <strong>astuces&nbsp;<\/strong>et <strong>conseils&nbsp;<\/strong>pour vos <strong>recherches d\u2019emploi<\/strong> !<\/p>\n\n\n\n<p>Comme promis, aujourd\u2019hui, nous allons mettre le focus sur les <strong>photos&nbsp;<\/strong>que vous pouvez \u00eatre amen\u00e9s \u00e0 fournir sur votre profil et\/ou \u00e0 mettre sur votre CV.&nbsp;<\/p>\n\n\n\n<h2 class=\"wp-block-heading\">L\u2019importance des photos en \u00e9v\u00e9nementiel&nbsp;<\/h2>\n\n\n\n<p>Comme nous vous l\u2019expliquions dans nos pr\u00e9c\u00e9dents articles, la r\u00e9daction d\u2019un <strong>CV<\/strong> et d\u2019une <strong>lettre de motivation<\/strong> de <strong>qualit\u00e9&nbsp;<\/strong>ainsi qu\u2019une <strong>bonne compl\u00e9tion de votre profil candidat<\/strong> sont des <strong>\u00e9tapes cl\u00e9s<\/strong> de votre recherche d\u2019emploi.<\/p>\n\n\n\n<p>Pour ces deux points, des <strong>photos&nbsp;<\/strong>pourront \u00eatre ajout\u00e9es afin d\u2019<strong>enrichir vos candidatures<\/strong>. Elles ne sont pas du tout obligatoires mais restent <strong>fortement appr\u00e9ci\u00e9es<\/strong> dans le secteur de l\u2019<strong>\u00e9v\u00e9nementiel<\/strong> pour de multiples raisons.<\/p>\n\n\n\n<p>Tout d\u2019abord, elles ajoutent un <strong>c\u00f4t\u00e9 humain<\/strong> non n\u00e9gligeable \u00e0 votre postulation qui s\u2019en verra davantage <strong>personnalis\u00e9e<\/strong>. Lors d\u2019un \u00e9ventuel <strong>entretien&nbsp;<\/strong>tout comme les <strong>\u00e9changes \u00e9crits ou t\u00e9l\u00e9phoniques<\/strong> pr\u00e9alable, il est toujours agr\u00e9able de <strong>mettre un visage sur son interlocuteur<\/strong>.&nbsp;\u260e\ufe0f<\/p>\n\n\n\n<p>Elles aident aussi beaucoup les bookeurs et bookeuses des agences qui vous placeront sur diverses missions. En effet, dans ce secteur, la gestion de personnel est une part tr\u00e8s importante de la mise en place des \u00e9v\u00e9nements et il est parfois difficile de tout retenir : votre <strong>avatar&nbsp;<\/strong>permettra donc \u00e0 l\u2019agence de tout de suite mettre un visage sur votre nom et ainsi <strong>vous rep\u00e9rer simplement<\/strong> parmi les autres h\u00f4tes et h\u00f4tesses.<\/p>\n\n\n\n<p>Ensuite, une photo bien choisie peut refl\u00e9ter une <strong>attitude<\/strong> et une <strong>pr\u00e9sentation professionnelle<\/strong> qui plairont tout de suite aux recruteurs en vue de <strong>l\u2019image que vous donnerez de son agence<\/strong> lorsqu\u2019il vous placera sur des missions en contact avec de la <strong>client\u00e8le<\/strong>. \u200d<\/p>\n\n\n\n<p>Enfin, il arrive tr\u00e8s r\u00e9guli\u00e8rement que des <strong>besoins particuliers<\/strong> n\u00e9cessitent la pr\u00e9sence de photos sur votre profil pour <strong>adapter le booking aux besoins<\/strong> sp\u00e9cifiques de l\u2019emploi. C\u2019est le cas notamment pour les missions s\u2019apparentant au <strong>mannequinat&nbsp;<\/strong>ou pour des emplois particuliers : nous pensons par exemple \u00e0 une r\u00e9cente annonce de mod\u00e8les pour des tests de couleurs d\u2019un nouveau produit capillaire, o\u00f9, seuls certains types de cheveux \u00e9taient possibles. De plus, les agences et leurs clients sont de plus en plus sensibles au respect de la <strong>parit\u00e9<\/strong>, du <strong>multiculturalisme<\/strong>, de la <strong>diversit\u00e9<\/strong>\u2026 Afin de constituer des <strong>\u00e9quipes mixtes<\/strong> sur tous ces points, les photos s\u2019av\u00e8rent tr\u00e8s utiles.&nbsp;<\/p>\n\n\n\n<p>Les int\u00e9r\u00eats d\u2019associer des photos \u00e0 vos postulations sont donc multiples et ne cr\u00e9ent en aucun cas un frein pour vous&nbsp;: nos agences ne recrutent pas au faci\u00e8s et vous proposeront toujours des missions adapt\u00e9es \u00e0 votre profil en fonction de vos <strong>envies<\/strong>, <strong>disponibilit\u00e9s<\/strong>, <strong>exp\u00e9riences<\/strong>, <strong>comp\u00e9tences<\/strong>&#8230; \u2714\ufe0f<\/p>\n\n\n\n<h2 class=\"wp-block-heading\">Les choisir avec soin et professionnalisme<\/h2>\n\n\n\n<p>Si vous \u00eates maintenant moins r\u00e9ticents \u00e0 l\u2019id\u00e9e d\u2019ajouter des images lorsque vous candidatez, il va falloir que vous <strong>les s\u00e9lectionniez<\/strong>.<\/p>\n\n\n\n<p>Cette \u00e9tape cl\u00e9 n\u2019est pas \u00e0 prendre \u00e0 la l\u00e9g\u00e8re ! \u26a0\ufe0f<\/p>\n\n\n\n<p>Vos photos devront \u00eatre <strong>professionnelles&nbsp;<\/strong>et <strong>vous ressembler<\/strong>. Le but est de <strong>v\u00e9hiculer confiance et motivation<\/strong> en prouvant que vous saurez mener \u00e0 bien les t\u00e2ches qui vous seront confi\u00e9es.<\/p>\n\n\n\n<p><strong>Bannissez absolument les photos types Snapchat ou Instagram<\/strong>, surtout celles avec filtres, ainsi que les prises de vue r\u00e9alis\u00e9es en soir\u00e9e, en vacances, au restaurant\u2026 et ne vous montrant pas sous votre meilleur profil&nbsp;!&nbsp;<\/p>\n\n\n\n<p><strong>Evitez aussi les photos de groupe<\/strong> sauf s\u2019il s\u2019agit de clich\u00e9s pris dans un cadre professionnel&nbsp;: pas de souvenirs de famille ni de photos entre copines ou en amoureux&nbsp;!<\/p>\n\n\n\n<p>Essayez de trouver des photos de<strong>&nbsp;bonne qualit\u00e9<\/strong> dans une <strong>r\u00e9solution correcte<\/strong> et qui ne soient <strong>ni floues ni minuscules<\/strong>. A l\u2019inverse, vous n\u2019avez pas besoin de t\u00e9l\u00e9charger des dizaines de photos de 10Mo chacune&nbsp;! Elles ne passeront m\u00eame pas sur la plateforme qui limite leur taille \u00e0 3Mo maximum ce qui est largement suffisant.<\/p>\n\n\n\n<p>Id\u00e9alement, ne cherchez pas dans vos photos existantes mais <strong>r\u00e9alisez un shooting<\/strong> sp\u00e9cifiquement en vue de poss\u00e9der quelques <strong>clich\u00e9s \u00e0 vis\u00e9e professionnelle<\/strong>, sauf si bien s\u00fbr vous en avez d\u00e9j\u00e0.<\/p>\n\n\n\n<p>Pour ce faire, adopter une <strong>tenue adapt\u00e9e<\/strong>, \u00e0 la fois <strong>sobre et \u00e9l\u00e9gante<\/strong> (uniforme, robe chic, tailleur, pantalon noir, chemise\u2026) et, si vous le souhaitez, un <strong>l\u00e9ger maquillage<\/strong> ne couvrant pas trop votre visage (similaire \u00e0 ce qui pourrait vous \u00eatre demand\u00e9 sur le terrain). Exit donc le style trop d\u00e9contract\u00e9, les bijoux trop voyants, les accessoires extravagants ou les coiffures de fin de soir\u00e9e !<\/p>\n\n\n\n<p>M\u00e9fiez-vous des contre-jours et essayez de trouver <strong>un lieu b\u00e9n\u00e9ficiant de bonnes luminosit\u00e9 et exposition<\/strong>. Faites aussi attention \u00e0 l\u2019arri\u00e8re-plan&nbsp;: \u00e9vitez le mur de votre chambre tapiss\u00e9 de posters et tableaux de familles&nbsp;! Comme sur le plan vestimentaire, un <strong>fond neutre<\/strong> sera pr\u00e9f\u00e9rable.&nbsp;<\/p>\n\n\n\n<p>Si r\u00e9alisable, ne prenez pas les photos vous-m\u00eame en mode selfie ou avec le t\u00e9l\u00e9phone devant votre miroir. Demandez \u00e0 un <strong>proche<\/strong>, voire \u00e0 un <strong>photographe<\/strong>, de vous immortaliser&nbsp;: le r\u00e9sultat n\u2019en sera que meilleur et vous mettra davantage en <strong>valeur<\/strong>.<\/p>\n\n\n\n<p>Pas la peine non plus d\u2019avoir recours aux duck faces et autres mimiques, ni, \u00e0 l\u2019inverse, de respecter les codes de la photo d\u2019identit\u00e9 sans sourire : tentez de rendre vos photos <strong>agr\u00e9ables&nbsp;<\/strong>et <strong>authentiques<\/strong>. Le but reste de donner une id\u00e9e de votre <strong>personnalit\u00e9&nbsp;<\/strong>et de votre <strong>attitude&nbsp;<\/strong>dans l\u2019emploi recherch\u00e9. <strong>Tenez-vous droit<\/strong> pour montrer votre <strong>dynamisme&nbsp;<\/strong>et votre <strong>volontariat<\/strong>. Un <strong>l\u00e9ger sourire<\/strong> et une <strong>bonne posture<\/strong> feront l\u2019affaire !<\/p>\n\n\n\n<p>Pr\u00e9voyez si possible au moins une photo de type <strong>portrait&nbsp;<\/strong>et une de <strong>plein pied<\/strong>. N\u2019ayez pas peur de partir sur <strong>plusieurs prises<\/strong> vous permettant ainsi de les <strong>trier&nbsp;<\/strong>par la suite et ne conserver que les plus <strong>r\u00e9ussies<\/strong>. \u200d\u2640\ufe0f<\/p>\n\n\n\n<p>Il n\u2019est pas n\u00e9cessaire de les retoucher et si vous pr\u00e9f\u00e9rez le faire, garder en t\u00eate que cela ne doit pas \u00eatre excessif mais uniquement dans le but de <strong>corriger quelques petites imperfections<\/strong>. Vous pouvez par contre les <strong>recadrer&nbsp;<\/strong>et les <strong>pivoter&nbsp;<\/strong>: c\u2019est peut-\u00eatre un d\u00e9tail mais avoir sous ses yeux une image bien centr\u00e9e et \u00e0 l\u2019endroit est plus agr\u00e9able ! \u2702\ufe0f<\/p>\n\n\n\n<p>Vous pourrez ensuite r\u00e9utiliser ses photos sur votre <strong>CV<\/strong>, votre <strong>profil candidat<\/strong>, votre <a target=\"_blank\" rel=\"noreferrer noopener nofollow\" href=\"https:\/\/www.linkedin.com\/\">LinkedIn<\/a>, vos <strong>candidatures scolaires<\/strong>, vos <strong>recherches de stages<\/strong>\u2026<\/p>\n\n\n\n<p>Pour finir, si vous poss\u00e9dez d\u00e9j\u00e0 de l\u2019<strong>exp\u00e9rience<\/strong> en \u00e9v\u00e9nementiel ou sur des <strong>postes similaires<\/strong> et que des clich\u00e9s sont disponibles, n\u2019h\u00e9sitez pas \u00e0 les ajouter \u00e9galement : ils seront un \u00e9l\u00e9ment non n\u00e9gligeable pour les recruteurs qui visualiseront d\u2019un simple coup d\u2019\u0153il et avant m\u00eame de parcourir vos CV et lettre de motivation que vous \u00eates <strong>d\u00e9j\u00e0 dot\u00e9s d\u2019exp\u00e9riences<\/strong>.<\/p>\n\n\n\n<p>Vous \u00eates nombreux \u00e0 t\u00e9l\u00e9charger les photos que vous avez sous la main au moment de votre inscription, n\u2019oubliez pas que vous pouvez les <strong>changer&nbsp;<\/strong>\u00e0 tout moment par la suite, d\u00e8s que vous disposerez de versions plus adapt\u00e9es.<\/p>\n\n\n\n<p>Certains d\u2019entre vous mettent aussi en avatar un dessin, un personnage, un animal\u2026 La notion d\u2019avatar peut effectivement faire penser \u00e0 cela mais sur une plate-forme d\u2019emploi, nous vous conseillons d\u2019envisager une image de profil correspondant davantage au <strong>march\u00e9 du travail<\/strong>. Bien entendu, vous n\u2019\u00eates pas oblig\u00e9s de mettre une photo de vous si vous ne le souhaitez pas mais vous pourriez par exemple vous cr\u00e9er un petit <strong>logo \u00e0 partir de vos nom et pr\u00e9nom<\/strong>, une sorte de <strong>carte de visite<\/strong>. Gardez \u00e0 l\u2019esprit que cet avatar est transmis aux recruteurs lorsque vous postulez aux annonces <a target=\"_blank\" rel=\"noreferrer noopener\" href=\"https:\/\/www.plany.jobs\">plany.jobs<\/a>.<\/p>\n\n\n\n<p>Petit point bonus sp\u00e9cial <strong>self-esteem<\/strong> : si vous avez du mal \u00e0 vous appr\u00e9cier en photos et qu\u2019il est donc difficile pour vous d\u2019en prendre et de les d\u00e9poser sur votre <a target=\"_blank\" rel=\"noreferrer noopener nofollow\" href=\"https:\/\/app.plany.jobs\/login\">compte plany<\/a>, gardez en t\u00eate que <strong>la beaut\u00e9 est subjective<\/strong> et que <strong>vous \u00eates parfaits comme vous \u00eates<\/strong> !<\/p>\n\n\n\n<h2 class=\"wp-block-heading\">Les photos ne font pas tout<\/h2>\n\n\n\n<p>M\u00eame si une photo en <strong>ad\u00e9quation\u00a0<\/strong>avec le poste recherch\u00e9 <strong>am\u00e9liorera\u00a0<\/strong>tr\u00e8s certainement votre candidature, il ne faut pas non plus tout miser sur cet \u00e9l\u00e9ment\u00a0: <strong>lettre de motivation<\/strong>, <strong>CV<\/strong> et <strong>profil de qualit\u00e9<\/strong> sont <strong>primordiaux\u00a0<\/strong>! Vous pouvez d\u2019ailleurs retrouver dans nos pr\u00e9c\u00e9dents articles du <a href=\"https:\/\/www.plany.jobs\/blog\/\" target=\"_blank\" rel=\"noreferrer noopener\">plany\u2019s blog<\/a>, nos conseils pour la <a href=\"https:\/\/www.plany.jobs\/blog\/conseils-cv\/\">r\u00e9daction de votre CV<\/a> ainsi que la <a href=\"https:\/\/www.plany.jobs\/blog\/conseils-profil\/\">compl\u00e9tion de votre espace candidat<\/a>.<\/p>\n\n\n\n<p>Le mois prochain, nous vous parlerons enfin de la derni\u00e8re \u00e9tape pour d\u00e9crocher un poste : <strong>l\u2019entretien<\/strong> !<\/p>\n\n\n\n<p>Pensez aussi \u00e0 <strong>nous suivre sur les r\u00e9seaux sociaux<\/strong> pour ne rater aucune des <strong>meilleures offres d\u2019emploi<\/strong> ni les <strong>prochains articles de blog<\/strong> ! Rendez-vous sur <a target=\"_blank\" rel=\"noreferrer noopener nofollow\" href=\"https:\/\/www.instagram.com\/plany.jobs\/\">Instagram<\/a> et\/ou <a target=\"_blank\" rel=\"noreferrer noopener nofollow\" href=\"https:\/\/www.facebook.com\/plany.jobs\/\">Facebook<\/a> !<\/p>\n\n\n\n<p>Maintenant que vous avez toutes les cl\u00e9s en main pour <strong>convaincre les recruteurs<\/strong> gr\u00e2ce \u00e0 vos <strong>CV<\/strong>, <strong>profil&nbsp;<\/strong>et <strong>photos<\/strong>, nous vous souhaitons <strong>force et courage<\/strong> pour vos postulations, ainsi qu\u2019une petite dose de <strong>chance&nbsp;<\/strong>et de <strong>confiance en vous<\/strong> !<\/p>\n","protected":false},"excerpt":{"rendered":"<p>Poursuivons notre s\u00e9rie d\u2019articles vous apportant astuces&nbsp;et conseils&nbsp;pour vos recherches d\u2019emploi ! Comme promis, aujourd\u2019hui, nous allons mettre le focus sur les photos&nbsp;que vous pouvez \u00eatre amen\u00e9s \u00e0 fournir sur votre profil et\/ou \u00e0 mettre sur votre CV.&nbsp; L\u2019importance des photos en \u00e9v\u00e9nementiel&nbsp; Comme nous vous l\u2019expliquions dans nos pr\u00e9c\u00e9dents articles, la r\u00e9daction d\u2019un CV [&hellip;]<\/p>\n","protected":false},"author":3,"featured_media":329,"comment_status":"open","ping_status":"open","sticky":false,"template":"","format":"standard","meta":{"inline_featured_image":false,"footnotes":""},"categories":[16,19],"tags":[23],"class_list":["post-277","post","type-post","status-publish","format-standard","has-post-thumbnail","hentry","category-guides","category-all","tag-guides"],"yoast_head":"<!-- This site is optimized with the Yoast SEO plugin v26.6 - https:\/\/yoast.com\/wordpress\/plugins\/seo\/ -->\n<title>Nos conseils pour des photos de qualit\u00e9 - Plany<\/title>\n<meta name=\"description\" content=\"Nos conseils pour des photos de qualit\u00e9 \u2014 un guide complet sign\u00e9 Plany.jobs pour t\u2019\u00e9clairer.\" \/>\n<meta name=\"robots\" content=\"index, follow, max-snippet:-1, max-image-preview:large, max-video-preview:-1\" \/>\n<link rel=\"canonical\" href=\"https:\/\/www.plany.jobs\/blog\/conseils-photo\/\" \/>\n<meta property=\"og:locale\" content=\"fr_FR\" \/>\n<meta property=\"og:type\" content=\"article\" \/>\n<meta property=\"og:title\" content=\"Nos conseils pour des photos de qualit\u00e9 - Plany\" \/>\n<meta property=\"og:description\" content=\"Nos conseils pour des photos de qualit\u00e9 \u2014 un guide complet sign\u00e9 Plany.jobs pour t\u2019\u00e9clairer.\" \/>\n<meta property=\"og:url\" content=\"https:\/\/www.plany.jobs\/blog\/conseils-photo\/\" \/>\n<meta property=\"og:site_name\" content=\"Actualit\u00e9s de Plany et du secteur \u00e9v\u00e9nementiel\" \/>\n<meta property=\"article:publisher\" content=\"https:\/\/www.facebook.com\/plany.jobs\" \/>\n<meta property=\"article:published_time\" content=\"2024-01-17T08:36:45+00:00\" \/>\n<meta property=\"article:modified_time\" content=\"2025-06-04T08:14:46+00:00\" \/>\n<meta property=\"og:image\" content=\"https:\/\/www.plany.jobs\/blog\/wp-content\/uploads\/2024\/01\/young-photographer-taking-picures-of-model-backst-2023-11-27-05-08-10-utc.jpg\" \/>\n\t<meta property=\"og:image:width\" content=\"1600\" \/>\n\t<meta property=\"og:image:height\" content=\"1067\" \/>\n\t<meta property=\"og:image:type\" content=\"image\/jpeg\" \/>\n<meta name=\"author\" content=\"Manon\" \/>\n<meta name=\"twitter:card\" content=\"summary_large_image\" \/>\n<meta name=\"twitter:creator\" content=\"@plany_jobs\" \/>\n<meta name=\"twitter:site\" content=\"@plany_jobs\" \/>\n<meta name=\"twitter:label1\" content=\"\u00c9crit par\" \/>\n\t<meta name=\"twitter:data1\" content=\"Manon\" \/>\n\t<meta name=\"twitter:label2\" content=\"Dur\u00e9e de lecture estim\u00e9e\" \/>\n\t<meta name=\"twitter:data2\" content=\"8 minutes\" \/>\n<script type=\"application\/ld+json\" class=\"yoast-schema-graph\">{\"@context\":\"https:\/\/schema.org\",\"@graph\":[{\"@type\":\"Article\",\"@id\":\"https:\/\/www.plany.jobs\/blog\/conseils-photo\/#article\",\"isPartOf\":{\"@id\":\"https:\/\/www.plany.jobs\/blog\/conseils-photo\/\"},\"author\":{\"name\":\"Manon\",\"@id\":\"https:\/\/www.plany.jobs\/blog\/#\/schema\/person\/94cb091d4f8327c4e960ed1a3b90e8ba\"},\"headline\":\"Nos conseils pour des photos de qualit\u00e9\",\"datePublished\":\"2024-01-17T08:36:45+00:00\",\"dateModified\":\"2025-06-04T08:14:46+00:00\",\"mainEntityOfPage\":{\"@id\":\"https:\/\/www.plany.jobs\/blog\/conseils-photo\/\"},\"wordCount\":1582,\"commentCount\":0,\"publisher\":{\"@id\":\"https:\/\/www.plany.jobs\/blog\/#organization\"},\"image\":{\"@id\":\"https:\/\/www.plany.jobs\/blog\/conseils-photo\/#primaryimage\"},\"thumbnailUrl\":\"https:\/\/www.plany.jobs\/blog\/wp-content\/uploads\/2024\/01\/young-photographer-taking-picures-of-model-backst-2023-11-27-05-08-10-utc.jpg\",\"keywords\":[\"Guides\"],\"articleSection\":[\"Guides\",\"Tout voir\"],\"inLanguage\":\"fr-FR\"},{\"@type\":\"WebPage\",\"@id\":\"https:\/\/www.plany.jobs\/blog\/conseils-photo\/\",\"url\":\"https:\/\/www.plany.jobs\/blog\/conseils-photo\/\",\"name\":\"Nos conseils pour des photos de qualit\u00e9 - Plany\",\"isPartOf\":{\"@id\":\"https:\/\/www.plany.jobs\/blog\/#website\"},\"primaryImageOfPage\":{\"@id\":\"https:\/\/www.plany.jobs\/blog\/conseils-photo\/#primaryimage\"},\"image\":{\"@id\":\"https:\/\/www.plany.jobs\/blog\/conseils-photo\/#primaryimage\"},\"thumbnailUrl\":\"https:\/\/www.plany.jobs\/blog\/wp-content\/uploads\/2024\/01\/young-photographer-taking-picures-of-model-backst-2023-11-27-05-08-10-utc.jpg\",\"datePublished\":\"2024-01-17T08:36:45+00:00\",\"dateModified\":\"2025-06-04T08:14:46+00:00\",\"description\":\"Nos conseils pour des photos de qualit\u00e9 \u2014 un guide complet sign\u00e9 Plany.jobs pour t\u2019\u00e9clairer.\",\"breadcrumb\":{\"@id\":\"https:\/\/www.plany.jobs\/blog\/conseils-photo\/#breadcrumb\"},\"inLanguage\":\"fr-FR\",\"potentialAction\":[{\"@type\":\"ReadAction\",\"target\":[\"https:\/\/www.plany.jobs\/blog\/conseils-photo\/\"]}]},{\"@type\":\"ImageObject\",\"inLanguage\":\"fr-FR\",\"@id\":\"https:\/\/www.plany.jobs\/blog\/conseils-photo\/#primaryimage\",\"url\":\"https:\/\/www.plany.jobs\/blog\/wp-content\/uploads\/2024\/01\/young-photographer-taking-picures-of-model-backst-2023-11-27-05-08-10-utc.jpg\",\"contentUrl\":\"https:\/\/www.plany.jobs\/blog\/wp-content\/uploads\/2024\/01\/young-photographer-taking-picures-of-model-backst-2023-11-27-05-08-10-utc.jpg\",\"width\":1600,\"height\":1067,\"caption\":\"young-model\"},{\"@type\":\"BreadcrumbList\",\"@id\":\"https:\/\/www.plany.jobs\/blog\/conseils-photo\/#breadcrumb\",\"itemListElement\":[{\"@type\":\"ListItem\",\"position\":1,\"name\":\"Accueil\",\"item\":\"https:\/\/www.plany.jobs\/blog\/\"},{\"@type\":\"ListItem\",\"position\":2,\"name\":\"Nos conseils pour des photos de qualit\u00e9\"}]},{\"@type\":\"WebSite\",\"@id\":\"https:\/\/www.plany.jobs\/blog\/#website\",\"url\":\"https:\/\/www.plany.jobs\/blog\/\",\"name\":\"Actualit\u00e9s de Plany et du secteur \u00e9v\u00e9nementiel\",\"description\":\"\",\"publisher\":{\"@id\":\"https:\/\/www.plany.jobs\/blog\/#organization\"},\"potentialAction\":[{\"@type\":\"SearchAction\",\"target\":{\"@type\":\"EntryPoint\",\"urlTemplate\":\"https:\/\/www.plany.jobs\/blog\/?s={search_term_string}\"},\"query-input\":{\"@type\":\"PropertyValueSpecification\",\"valueRequired\":true,\"valueName\":\"search_term_string\"}}],\"inLanguage\":\"fr-FR\"},{\"@type\":\"Organization\",\"@id\":\"https:\/\/www.plany.jobs\/blog\/#organization\",\"name\":\"Plany\",\"url\":\"https:\/\/www.plany.jobs\/blog\/\",\"logo\":{\"@type\":\"ImageObject\",\"inLanguage\":\"fr-FR\",\"@id\":\"https:\/\/www.plany.jobs\/blog\/#\/schema\/logo\/image\/\",\"url\":\"https:\/\/www.plany.jobs\/blog\/wp-content\/uploads\/2025\/01\/logo.svg\",\"contentUrl\":\"https:\/\/www.plany.jobs\/blog\/wp-content\/uploads\/2025\/01\/logo.svg\",\"width\":191,\"height\":61,\"caption\":\"Plany\"},\"image\":{\"@id\":\"https:\/\/www.plany.jobs\/blog\/#\/schema\/logo\/image\/\"},\"sameAs\":[\"https:\/\/www.facebook.com\/plany.jobs\",\"https:\/\/x.com\/plany_jobs\",\"https:\/\/www.instagram.com\/plany.jobs\",\"https:\/\/www.tiktok.com\/@plany.jobs\",\"https:\/\/www.linkedin.com\/company\/plany-logiciel-agences-d-htesses\"]},{\"@type\":\"Person\",\"@id\":\"https:\/\/www.plany.jobs\/blog\/#\/schema\/person\/94cb091d4f8327c4e960ed1a3b90e8ba\",\"name\":\"Manon\",\"description\":\"Avec Plany.jobs choisis o\u00f9 et quand travailler, sur des emplois courts ou flexibles. Cr\u00e9er un compte\",\"sameAs\":[\"https:\/\/www.plany.jobs\"]}]}<\/script>\n<!-- \/ Yoast SEO plugin. -->","yoast_head_json":{"title":"Nos conseils pour des photos de qualit\u00e9 - Plany","description":"Nos conseils pour des photos de qualit\u00e9 \u2014 un guide complet sign\u00e9 Plany.jobs pour t\u2019\u00e9clairer.","robots":{"index":"index","follow":"follow","max-snippet":"max-snippet:-1","max-image-preview":"max-image-preview:large","max-video-preview":"max-video-preview:-1"},"canonical":"https:\/\/www.plany.jobs\/blog\/conseils-photo\/","og_locale":"fr_FR","og_type":"article","og_title":"Nos conseils pour des photos de qualit\u00e9 - Plany","og_description":"Nos conseils pour des photos de qualit\u00e9 \u2014 un guide complet sign\u00e9 Plany.jobs pour t\u2019\u00e9clairer.","og_url":"https:\/\/www.plany.jobs\/blog\/conseils-photo\/","og_site_name":"Actualit\u00e9s de Plany et du secteur \u00e9v\u00e9nementiel","article_publisher":"https:\/\/www.facebook.com\/plany.jobs","article_published_time":"2024-01-17T08:36:45+00:00","article_modified_time":"2025-06-04T08:14:46+00:00","og_image":[{"width":1600,"height":1067,"url":"https:\/\/www.plany.jobs\/blog\/wp-content\/uploads\/2024\/01\/young-photographer-taking-picures-of-model-backst-2023-11-27-05-08-10-utc.jpg","type":"image\/jpeg"}],"author":"Manon","twitter_card":"summary_large_image","twitter_creator":"@plany_jobs","twitter_site":"@plany_jobs","twitter_misc":{"\u00c9crit par":"Manon","Dur\u00e9e de lecture estim\u00e9e":"8 minutes"},"schema":{"@context":"https:\/\/schema.org","@graph":[{"@type":"Article","@id":"https:\/\/www.plany.jobs\/blog\/conseils-photo\/#article","isPartOf":{"@id":"https:\/\/www.plany.jobs\/blog\/conseils-photo\/"},"author":{"name":"Manon","@id":"https:\/\/www.plany.jobs\/blog\/#\/schema\/person\/94cb091d4f8327c4e960ed1a3b90e8ba"},"headline":"Nos conseils pour des photos de qualit\u00e9","datePublished":"2024-01-17T08:36:45+00:00","dateModified":"2025-06-04T08:14:46+00:00","mainEntityOfPage":{"@id":"https:\/\/www.plany.jobs\/blog\/conseils-photo\/"},"wordCount":1582,"commentCount":0,"publisher":{"@id":"https:\/\/www.plany.jobs\/blog\/#organization"},"image":{"@id":"https:\/\/www.plany.jobs\/blog\/conseils-photo\/#primaryimage"},"thumbnailUrl":"https:\/\/www.plany.jobs\/blog\/wp-content\/uploads\/2024\/01\/young-photographer-taking-picures-of-model-backst-2023-11-27-05-08-10-utc.jpg","keywords":["Guides"],"articleSection":["Guides","Tout voir"],"inLanguage":"fr-FR"},{"@type":"WebPage","@id":"https:\/\/www.plany.jobs\/blog\/conseils-photo\/","url":"https:\/\/www.plany.jobs\/blog\/conseils-photo\/","name":"Nos conseils pour des photos de qualit\u00e9 - Plany","isPartOf":{"@id":"https:\/\/www.plany.jobs\/blog\/#website"},"primaryImageOfPage":{"@id":"https:\/\/www.plany.jobs\/blog\/conseils-photo\/#primaryimage"},"image":{"@id":"https:\/\/www.plany.jobs\/blog\/conseils-photo\/#primaryimage"},"thumbnailUrl":"https:\/\/www.plany.jobs\/blog\/wp-content\/uploads\/2024\/01\/young-photographer-taking-picures-of-model-backst-2023-11-27-05-08-10-utc.jpg","datePublished":"2024-01-17T08:36:45+00:00","dateModified":"2025-06-04T08:14:46+00:00","description":"Nos conseils pour des photos de qualit\u00e9 \u2014 un guide complet sign\u00e9 Plany.jobs pour t\u2019\u00e9clairer.","breadcrumb":{"@id":"https:\/\/www.plany.jobs\/blog\/conseils-photo\/#breadcrumb"},"inLanguage":"fr-FR","potentialAction":[{"@type":"ReadAction","target":["https:\/\/www.plany.jobs\/blog\/conseils-photo\/"]}]},{"@type":"ImageObject","inLanguage":"fr-FR","@id":"https:\/\/www.plany.jobs\/blog\/conseils-photo\/#primaryimage","url":"https:\/\/www.plany.jobs\/blog\/wp-content\/uploads\/2024\/01\/young-photographer-taking-picures-of-model-backst-2023-11-27-05-08-10-utc.jpg","contentUrl":"https:\/\/www.plany.jobs\/blog\/wp-content\/uploads\/2024\/01\/young-photographer-taking-picures-of-model-backst-2023-11-27-05-08-10-utc.jpg","width":1600,"height":1067,"caption":"young-model"},{"@type":"BreadcrumbList","@id":"https:\/\/www.plany.jobs\/blog\/conseils-photo\/#breadcrumb","itemListElement":[{"@type":"ListItem","position":1,"name":"Accueil","item":"https:\/\/www.plany.jobs\/blog\/"},{"@type":"ListItem","position":2,"name":"Nos conseils pour des photos de qualit\u00e9"}]},{"@type":"WebSite","@id":"https:\/\/www.plany.jobs\/blog\/#website","url":"https:\/\/www.plany.jobs\/blog\/","name":"Actualit\u00e9s de Plany et du secteur \u00e9v\u00e9nementiel","description":"","publisher":{"@id":"https:\/\/www.plany.jobs\/blog\/#organization"},"potentialAction":[{"@type":"SearchAction","target":{"@type":"EntryPoint","urlTemplate":"https:\/\/www.plany.jobs\/blog\/?s={search_term_string}"},"query-input":{"@type":"PropertyValueSpecification","valueRequired":true,"valueName":"search_term_string"}}],"inLanguage":"fr-FR"},{"@type":"Organization","@id":"https:\/\/www.plany.jobs\/blog\/#organization","name":"Plany","url":"https:\/\/www.plany.jobs\/blog\/","logo":{"@type":"ImageObject","inLanguage":"fr-FR","@id":"https:\/\/www.plany.jobs\/blog\/#\/schema\/logo\/image\/","url":"https:\/\/www.plany.jobs\/blog\/wp-content\/uploads\/2025\/01\/logo.svg","contentUrl":"https:\/\/www.plany.jobs\/blog\/wp-content\/uploads\/2025\/01\/logo.svg","width":191,"height":61,"caption":"Plany"},"image":{"@id":"https:\/\/www.plany.jobs\/blog\/#\/schema\/logo\/image\/"},"sameAs":["https:\/\/www.facebook.com\/plany.jobs","https:\/\/x.com\/plany_jobs","https:\/\/www.instagram.com\/plany.jobs","https:\/\/www.tiktok.com\/@plany.jobs","https:\/\/www.linkedin.com\/company\/plany-logiciel-agences-d-htesses"]},{"@type":"Person","@id":"https:\/\/www.plany.jobs\/blog\/#\/schema\/person\/94cb091d4f8327c4e960ed1a3b90e8ba","name":"Manon","description":"Avec Plany.jobs choisis o\u00f9 et quand travailler, sur des emplois courts ou flexibles. Cr\u00e9er un compte","sameAs":["https:\/\/www.plany.jobs"]}]}},"_links":{"self":[{"href":"https:\/\/www.plany.jobs\/blog\/wp-json\/wp\/v2\/posts\/277","targetHints":{"allow":["GET"]}}],"collection":[{"href":"https:\/\/www.plany.jobs\/blog\/wp-json\/wp\/v2\/posts"}],"about":[{"href":"https:\/\/www.plany.jobs\/blog\/wp-json\/wp\/v2\/types\/post"}],"author":[{"embeddable":true,"href":"https:\/\/www.plany.jobs\/blog\/wp-json\/wp\/v2\/users\/3"}],"replies":[{"embeddable":true,"href":"https:\/\/www.plany.jobs\/blog\/wp-json\/wp\/v2\/comments?post=277"}],"version-history":[{"count":9,"href":"https:\/\/www.plany.jobs\/blog\/wp-json\/wp\/v2\/posts\/277\/revisions"}],"predecessor-version":[{"id":2222,"href":"https:\/\/www.plany.jobs\/blog\/wp-json\/wp\/v2\/posts\/277\/revisions\/2222"}],"wp:featuredmedia":[{"embeddable":true,"href":"https:\/\/www.plany.jobs\/blog\/wp-json\/wp\/v2\/media\/329"}],"wp:attachment":[{"href":"https:\/\/www.plany.jobs\/blog\/wp-json\/wp\/v2\/media?parent=277"}],"wp:term":[{"taxonomy":"category","embeddable":true,"href":"https:\/\/www.plany.jobs\/blog\/wp-json\/wp\/v2\/categories?post=277"},{"taxonomy":"post_tag","embeddable":true,"href":"https:\/\/www.plany.jobs\/blog\/wp-json\/wp\/v2\/tags?post=277"}],"curies":[{"name":"wp","href":"https:\/\/api.w.org\/{rel}","templated":true}]}}